{"id":196424,"date":"2026-09-04T13:30:54","date_gmt":"2026-09-04T16:30:54","guid":{"rendered":"https:\/\/www.itsitio.com\/mx\/?p=196424"},"modified":"2026-09-04T13:30:54","modified_gmt":"2026-09-04T16:30:54","slug":"mexico-y-espana-firman-acuerdo-para-impulsar-ia-conectividad-y-supercomputacion","status":"publish","type":"post","link":"https:\/\/www.itsitio.com\/mx\/inteligencia-artificial\/mexico-y-espana-firman-acuerdo-para-impulsar-ia-conectividad-y-supercomputacion\/","title":{"rendered":"M\u00e9xico y Espa\u00f1a firman acuerdo para impulsar IA, conectividad y supercomputaci\u00f3n"},"content":{"rendered":"<p>M\u00e9xico y Espa\u00f1a firmaron un memor\u00e1ndum de entendimiento para reforzar la cooperaci\u00f3n en \u00e1reas que hoy se encuentran en el centro de la transformaci\u00f3n digital: inteligencia artificial, supercomputaci\u00f3n, conectividad, ciberseguridad, identidad digital y centros de datos.<\/p>\n<p>El acuerdo fue firmado por <strong>\u00d3scar L\u00f3pez, ministro para la Transformaci\u00f3n Digital y de la Funci\u00f3n P\u00fablica de Espa\u00f1a, y Jos\u00e9 Antonio Pe\u00f1a Merino, director de la Agencia de Transformaci\u00f3n Digital y Telecomunicaciones de M\u00e9xico.<\/strong><\/p>\n<p>La colaboraci\u00f3n podr\u00eda tener implicaciones relevantes para gobiernos, universidades, centros de investigaci\u00f3n y empresas tecnol\u00f3gicas, en donde\u00a0contempla colaboraci\u00f3n en supercomputaci\u00f3n, infraestructura y centros de datos, conectividad, ciberseguridad, digitalizaci\u00f3n de los servicios p\u00fablicos, identidad digital y formaci\u00f3n de capacidades tecnol\u00f3gicas.<\/p>\n<p>Tambi\u00e9n se incluyen posibles aplicaciones de las tecnolog\u00edas digitales para la gesti\u00f3n de desastres naturales y los desaf\u00edos relacionados con el cambio clim\u00e1tico.<\/p>\n<p>El memor\u00e1ndum cuenta adem\u00e1s con un plan de acci\u00f3n y un cronograma para convertir la cooperaci\u00f3n en actividades concretas. Entre las posibilidades se encuentran el desarrollo de programas conjuntos, el intercambio de informaci\u00f3n y buenas pr\u00e1cticas, visitas institucionales y la organizaci\u00f3n de conferencias, simposios y actividades de formaci\u00f3n.<\/p>\n<h2><span style=\"color: #000080\">Coatlicue conecta a M\u00e9xico con la experiencia espa\u00f1ola en supercomputaci\u00f3n<\/span><\/h2>\n<p>Uno de los elementos m\u00e1s interesantes del acuerdo es la continuidad de la colaboraci\u00f3n que M\u00e9xico ya mantiene con instituciones espa\u00f1olas en materia de superc\u00f3mputo.<\/p>\n<p>M\u00e9xico trabaja en el desarrollo de Coatlicue, una infraestructura estrat\u00e9gica de supercomputaci\u00f3n que busca fortalecer las capacidades nacionales en inteligencia artificial y procesamiento de grandes vol\u00famenes de datos.<\/p>\n<p>El Gobierno de M\u00e9xico ha establecido previamente mecanismos de colaboraci\u00f3n con el Barcelona Supercomputing Center, una de las instituciones de referencia en Europa en materia de computaci\u00f3n de alto rendimiento.<\/p>\n<p>La cooperaci\u00f3n tiene aplicaciones que van desde la investigaci\u00f3n cient\u00edfica hasta el desarrollo de modelos de inteligencia artificial. Entre los posibles usos planteados por el Gobierno mexicano se encuentran los modelos clim\u00e1ticos, el an\u00e1lisis de fen\u00f3menos naturales, el procesamiento de informaci\u00f3n aduanera, la evaluaci\u00f3n de riesgos, el an\u00e1lisis de im\u00e1genes agr\u00edcolas y el desarrollo de modelos de lenguaje.<\/p>\n<p>En mayo de 2026, adem\u00e1s, se formaliz\u00f3 la creaci\u00f3n del Comit\u00e9 T\u00e9cnico de la Infraestructura de Superc\u00f3mputo Coatlicue. De acuerdo con el acuerdo publicado en el Diario Oficial de la Federaci\u00f3n, la infraestructura est\u00e1 orientada prioritariamente a resolver problemas estrat\u00e9gicos nacionales y busca contribuir a la soberan\u00eda tecnol\u00f3gica y a la seguridad de la informaci\u00f3n.<\/p>\n<p>Para M\u00e9xico, contar con acceso a conocimiento y experiencia internacional puede acelerar el desarrollo de talento y capacidades t\u00e9cnicas. Para Espa\u00f1a, la colaboraci\u00f3n representa una oportunidad para fortalecer su papel dentro de un ecosistema tecnol\u00f3gico iberoamericano cada vez m\u00e1s conectado.<\/p>\n<h2><span style=\"color: #000080\">Ciberseguridad e identidad digital tambi\u00e9n entran en la conversaci\u00f3n<\/span><\/h2>\n<p>La transformaci\u00f3n digital tambi\u00e9n increment\u00f3 la superficie de ataque para organizaciones y gobiernos.<\/p>\n<p>Por ello, el nuevo acuerdo incorpora la ciberseguridad como uno de sus pilares. La cooperaci\u00f3n puede facilitar el intercambio de experiencias y buenas pr\u00e1cticas en un momento en el que la protecci\u00f3n de infraestructura cr\u00edtica, los datos y los servicios digitales se ha convertido en una prioridad.<\/p>\n<p>La identidad digital tambi\u00e9n forma parte del memor\u00e1ndum. Este tema tiene aplicaciones directas para ciudadanos, empresas y administraciones p\u00fablicas, desde la simplificaci\u00f3n de tr\u00e1mites hasta la prevenci\u00f3n del fraude.<\/p>\n<p>Durante su visita a M\u00e9xico, el ministro espa\u00f1ol \u00d3scar L\u00f3pez tambi\u00e9n conoci\u00f3 operaciones de empresas espa\u00f1olas relacionadas con identidad digital, biometr\u00eda y prevenci\u00f3n del fraude, as\u00ed como un centro de operaciones de ciberseguridad.<\/p>\n<h2><span style=\"color: #000080\">La conectividad y los centros de datos, otra pieza del rompecabezas<\/span><\/h2>\n<p>El acuerdo tambi\u00e9n incorpora la conectividad y los centros de datos, dos componentes fundamentales para la econom\u00eda digital.<\/p>\n<p>La explosi\u00f3n de la inteligencia artificial est\u00e1 incrementando la necesidad de infraestructura tecnol\u00f3gica. Los modelos requieren capacidad de procesamiento, almacenamiento y redes capaces de mover grandes cantidades de informaci\u00f3n.<\/p>\n<p>M\u00e9xico y Espa\u00f1a comparten, seg\u00fan las autoridades espa\u00f1olas, intereses relacionados con el desarrollo sostenible y ordenado de los centros de datos, las tecnolog\u00edas deeptech y la transferencia de innovaci\u00f3n desde los laboratorios hacia el sistema productivo.<\/p>\n<h3><span style=\"color: #000080\">Preguntas frecuentes:\u00a0<\/span><\/h3>\n<div class=\"flex max-w-full flex-col gap-4 grow\">\n<div class=\"min-h-8 text-message relative flex w-full flex-col items-end gap-2 text-start break-words whitespace-normal outline-none keyboard-focused:focus-ring [.text-message+&amp;]:mt-1\" dir=\"auto\" data-message-author-role=\"assistant\" data-message-id=\"b6d403c1-1933-4c5f-ae77-1cd230960f98\" data-turn-start-message=\"true\" data-message-model-slug=\"gpt-5-6\">\n<div class=\"flex w-full flex-col gap-1 empty:hidden\">\n<div class=\"fbskMG_root markdown prose dark:prose-invert wrap-break-word w-full light markdown-new-styling\">\n<h3 class=\"PDq2pG_selectionAnchorContainer\" data-section-id=\"1gpkgy6\" data-start=\"10618\" data-end=\"10690\">\u00bfQu\u00e9 acuerdo firmaron M\u00e9xico y Espa\u00f1a sobre inteligencia artificial?<\/h3>\n<p data-start=\"10692\" data-end=\"11091\">M\u00e9xico y Espa\u00f1a firmaron un memor\u00e1ndum de entendimiento para fortalecer la cooperaci\u00f3n bilateral en inteligencia artificial, supercomputaci\u00f3n, conectividad, ciberseguridad, identidad digital, centros de datos y digitalizaci\u00f3n de servicios p\u00fablicos. El acuerdo contempla un plan de acci\u00f3n y un cronograma para desarrollar actividades y proyectos de colaboraci\u00f3n.<\/p>\n<h3 data-section-id=\"fpe1cd\" data-start=\"11093\" data-end=\"11147\">\u00bfQu\u00e9 es Coatlicue y qu\u00e9 relaci\u00f3n tiene con Espa\u00f1a?<\/h3>\n<p data-start=\"11149\" data-end=\"11534\">Coatlicue es una infraestructura estrat\u00e9gica de supercomputaci\u00f3n que M\u00e9xico desarrolla para fortalecer sus capacidades de c\u00f3mputo e inteligencia artificial. M\u00e9xico mantiene colaboraci\u00f3n con el Barcelona Supercomputing Center para impulsar la investigaci\u00f3n, la formaci\u00f3n de talento y el desarrollo de capacidades en computaci\u00f3n de alto rendimiento.<\/p>\n<h3 data-section-id=\"ave30h\" data-start=\"11536\" data-end=\"11604\">\u00bfC\u00f3mo puede beneficiar este acuerdo a las empresas tecnol\u00f3gicas?<\/h3>\n<p data-start=\"11606\" data-end=\"12013\" data-is-only-node=\"\">La cooperaci\u00f3n puede abrir oportunidades para el intercambio de conocimiento, la investigaci\u00f3n conjunta, la formaci\u00f3n de especialistas, el desarrollo de infraestructura y la transferencia tecnol\u00f3gica. Tambi\u00e9n puede impulsar conversaciones sobre ciberseguridad, regulaci\u00f3n de IA, identidad digital y nuevas capacidades de c\u00f3mputo para organizaciones p\u00fablicas y privadas.<\/p>\n<\/div>\n<\/div>\n<\/div>\n<\/div>\n<div class=\"z-0 flex min-h-[46px] justify-start\"><\/div>\n<div class=\"mt-6\">\n<div class=\"flex flex-col items-center gap-3 px-4 pb-1 text-center\">\n<div class=\"text-token-text-secondary text-sm leading-5 [text-wrap:pretty]\"><\/div>\n<\/div>\n<\/div>\n","protected":false},"excerpt":{"rendered":"<p>La alianza tambi\u00e9n contempla colaboraci\u00f3n en supercomputaci\u00f3n, centros de datos, identidad digital y tecnolog\u00edas deeptech.<\/p>\n","protected":false},"author":229,"featured_media":174910,"comment_status":"closed","ping_status":"closed","sticky":false,"template":"","format":"standard","meta":{"site-sidebar-layout":"default","site-content-layout":"","ast-site-content-layout":"default","site-content-style":"default","site-sidebar-style":"default","ast-global-header-display":"","ast-banner-title-visibility":"","ast-main-header-display":"","ast-hfb-above-header-display":"","ast-hfb-below-header-display":"","ast-hfb-mobile-header-display":"","site-post-title":"","ast-breadcrumbs-content":"","ast-featured-img":"","footer-sml-layout":"","ast-disable-related-posts":"","theme-transparent-header-meta":"default","adv-header-id-meta":"","stick-header-meta":"","header-above-stick-meta":"","header-main-stick-meta":"","header-below-stick-meta":"","astra-migrate-meta-layouts":"set","ast-page-background-enabled":"default","ast-page-background-meta":{"desktop":{"background-color":"var(--ast-global-color-4)","background-image":"","background-repeat":"repeat","background-position":"center center","background-size":"auto","background-attachment":"scroll","background-type":"","background-media":"","overlay-type":"","overlay-color":"","overlay-opacity":"","overlay-gradient":""},"tablet":{"background-color":"","background-image":"","background-repeat":"repeat","background-position":"center center","background-size":"auto","background-attachment":"scroll","background-type":"","background-media":"","overlay-type":"","overlay-color":"","overlay-opacity":"","overlay-gradient":""},"mobile":{"background-color":"","background-image":"","background-repeat":"repeat","background-position":"center center","background-size":"auto","background-attachment":"scroll","background-type":"","background-media":"","overlay-type":"","overlay-color":"","overlay-opacity":"","overlay-gradient":""}},"ast-content-background-meta":{"desktop":{"background-color":"var(--ast-global-color-5)","background-image":"","background-repeat":"repeat","background-position":"center center","background-size":"auto","background-attachment":"scroll","background-type":"","background-media":"","overlay-type":"","overlay-color":"","overlay-opacity":"","overlay-gradient":""},"tablet":{"background-color":"var(--ast-global-color-5)","background-image":"","background-repeat":"repeat","background-position":"center center","background-size":"auto","background-attachment":"scroll","background-type":"","background-media":"","overlay-type":"","overlay-color":"","overlay-opacity":"","overlay-gradient":""},"mobile":{"background-color":"var(--ast-global-color-5)","background-image":"","background-repeat":"repeat","background-position":"center center","background-size":"auto","background-attachment":"scroll","background-type":"","background-media":"","overlay-type":"","overlay-color":"","overlay-opacity":"","overlay-gradient":""}},"footnotes":""},"categories":[72],"tags":[815],"class_list":["post-196424","post","type-post","status-publish","format-standard","has-post-thumbnail","hentry","category-inteligencia-artificial","tag-supercomputacion"],"_links":{"self":[{"href":"https:\/\/www.itsitio.com\/mx\/wp-json\/wp\/v2\/posts\/196424","targetHints":{"allow":["GET"]}}],"collection":[{"href":"https:\/\/www.itsitio.com\/mx\/wp-json\/wp\/v2\/posts"}],"about":[{"href":"https:\/\/www.itsitio.com\/mx\/wp-json\/wp\/v2\/types\/post"}],"author":[{"embeddable":true,"href":"https:\/\/www.itsitio.com\/mx\/wp-json\/wp\/v2\/users\/229"}],"replies":[{"embeddable":true,"href":"https:\/\/www.itsitio.com\/mx\/wp-json\/wp\/v2\/comments?post=196424"}],"version-history":[{"count":1,"href":"https:\/\/www.itsitio.com\/mx\/wp-json\/wp\/v2\/posts\/196424\/revisions"}],"predecessor-version":[{"id":196425,"href":"https:\/\/www.itsitio.com\/mx\/wp-json\/wp\/v2\/posts\/196424\/revisions\/196425"}],"wp:featuredmedia":[{"embeddable":true,"href":"https:\/\/www.itsitio.com\/mx\/wp-json\/wp\/v2\/media\/174910"}],"wp:attachment":[{"href":"https:\/\/www.itsitio.com\/mx\/wp-json\/wp\/v2\/media?parent=196424"}],"wp:term":[{"taxonomy":"category","embeddable":true,"href":"https:\/\/www.itsitio.com\/mx\/wp-json\/wp\/v2\/categories?post=196424"},{"taxonomy":"post_tag","embeddable":true,"href":"https:\/\/www.itsitio.com\/mx\/wp-json\/wp\/v2\/tags?post=196424"}],"curies":[{"name":"wp","href":"https:\/\/api.w.org\/{rel}","templated":true}]}}