{"id":196382,"date":"2026-09-02T15:40:06","date_gmt":"2026-09-02T18:40:06","guid":{"rendered":"https:\/\/www.itsitio.com\/mx\/?p=196382"},"modified":"2026-09-02T15:40:06","modified_gmt":"2026-09-02T18:40:06","slug":"dell-14s-es-la-nueva-rival-de-la-macbook-neo-con-pantalla-de-hasta-2-8k","status":"publish","type":"post","link":"https:\/\/www.itsitio.com\/mx\/dispositivos\/dell-14s-es-la-nueva-rival-de-la-macbook-neo-con-pantalla-de-hasta-2-8k\/","title":{"rendered":"Dell lanza la 14S, su nueva rival de la MacBook Neo con pantalla de hasta 2.8K"},"content":{"rendered":"<p class=\"PDq2pG_selectionAnchorContainer\" data-start=\"1438\" data-end=\"1863\">Dell presenta en Am\u00e9rica Latina el nuevo <strong data-start=\"1699\" data-end=\"1711\">Dell 14S<\/strong>, un notebook de 14 pulgadas que busca equilibrar movilidad, rendimiento y caracter\u00edsticas que normalmente se encuentran en equipos de gamas superiores.<\/p>\n<p data-start=\"2637\" data-end=\"2916\">Dell describe al 14S como un equipo compacto, ligero y orientado a la movilidad. Su construcci\u00f3n utiliza aluminio y el dise\u00f1o busca mantener un perfil delgado para facilitar su traslado entre casa, oficina, universidad o cualquier otro espacio donde el usuario necesite trabajar.<\/p>\n<p data-start=\"2976\" data-end=\"3184\">Uno de los elementos que Dell destaca en el nuevo 14S es su pantalla. El equipo cuenta con un formato <strong data-start=\"3078\" data-end=\"3087\">16:10<\/strong>,<strong> una relaci\u00f3n de aspecto que ofrece mayor espacio vertical que las tradicionales pantallas 16:9.<\/strong><\/p>\n<p data-start=\"3186\" data-end=\"3472\">En la pr\u00e1ctica, esto puede resultar especialmente \u00fatil para actividades como navegar por internet, leer documentos, trabajar con hojas de c\u00e1lculo o mantener abiertas diferentes aplicaciones. La pantalla tambi\u00e9n puede resultar m\u00e1s c\u00f3moda para quienes pasan varias horas frente al equipo.<\/p>\n<p data-start=\"3474\" data-end=\"3851\">El Dell 14S contempla opciones de panel de hasta <strong data-start=\"3523\" data-end=\"3577\">2.8K con una frecuencia de actualizaci\u00f3n de 120 Hz<\/strong>, mientras que tambi\u00e9n existe una alternativa de <strong data-start=\"3626\" data-end=\"3640\">2K a 60 Hz<\/strong>. La primera configuraci\u00f3n apunta a quienes buscan mayor nitidez y fluidez visual, mientras que la segunda puede resultar atractiva para usuarios que priorizan el equilibrio entre resoluci\u00f3n, autonom\u00eda y precio.<\/p>\n<h2 data-section-id=\"1dafffi\" data-start=\"4141\" data-end=\"4200\"><span style=\"color: #000080\">Intel Core Serie 3 lleva la nueva generaci\u00f3n al Dell 14S<\/span><\/h2>\n<p data-start=\"4202\" data-end=\"4439\">En el apartado de procesamiento, el Dell 14S incorpora <strong data-start=\"4257\" data-end=\"4290\">Intel Core 5 y Core 7 Serie 3<\/strong>, una familia que Intel present\u00f3 durante 2026 para equipos dirigidos a usuarios que buscan rendimiento y eficiencia en dispositivos de uso cotidiano.<\/p>\n<p data-start=\"4441\" data-end=\"4870\">Intel explica que los procesadores Core Serie 3 est\u00e1n construidos sobre los fundamentos de <strong data-start=\"4532\" data-end=\"4595\">Intel Core Ultra Serie 3, cuyo nombre clave es Panther Lake<\/strong>, y utilizan el proceso de fabricaci\u00f3n Intel 18A. La compa\u00f1\u00eda posiciona esta familia para equipos de consumo, educaci\u00f3n, peque\u00f1as empresas y otros dispositivos donde la relaci\u00f3n entre rendimiento y valor resulta especialmente importante.<\/p>\n<p data-start=\"4872\" data-end=\"5096\">La llegada de esta arquitectura tambi\u00e9n refleja uno de los grandes cambios que est\u00e1 atravesando el mercado de computadoras en 2026: la incorporaci\u00f3n de capacidades de inteligencia artificial directamente en los dispositivos.<\/p>\n<p data-start=\"5098\" data-end=\"5417\">Intel present\u00f3 Core Ultra Serie 3 en enero de 2026 como su plataforma de PC con IA basada en Intel 18A. La compa\u00f1\u00eda se\u00f1al\u00f3 entonces que la familia pod\u00eda utilizarse en m\u00e1s de 200 dise\u00f1os de computadoras y que incorporaba capacidades de procesamiento de IA mediante sus unidades NPU.<\/p>\n<h2 data-section-id=\"an22zh\" data-start=\"5791\" data-end=\"5851\"><span style=\"color: #000080\">C\u00e1mara FHD, Wi-Fi 6E y conexiones para una rutina h\u00edbrida<\/span><\/h2>\n<p data-start=\"5853\" data-end=\"5993\">El Dell 14S tambi\u00e9n busca responder a una actividad que se volvi\u00f3 habitual tanto para estudiantes como para trabajadores: las videollamadas.<\/p>\n<p data-start=\"5995\" data-end=\"6208\">El equipo incorpora una <strong data-start=\"6019\" data-end=\"6033\">c\u00e1mara FHD<\/strong>, micr\u00f3fonos duales y altavoces est\u00e9reo. La c\u00e1mara ofrece una resoluci\u00f3n de 1080p, mientras que los micr\u00f3fonos est\u00e1n dise\u00f1ados para captar la voz durante llamadas y reuniones.<\/p>\n<p data-start=\"6210\" data-end=\"6442\">A esto se suma <strong data-start=\"6225\" data-end=\"6237\">Wi-Fi 6E<\/strong>, adem\u00e1s de conexiones f\u00edsicas como USB-C, HDMI y puerto para aud\u00edfonos. El objetivo es que el usuario pueda conectar perif\u00e9ricos, pantallas externas o accesorios sin depender completamente de adaptadores.<\/p>\n<p data-start=\"6444\" data-end=\"6603\">Dell tambi\u00e9n incorpora <strong data-start=\"6467\" data-end=\"6484\">Windows Hello<\/strong>, una funci\u00f3n que permite utilizar reconocimiento facial compatible para iniciar sesi\u00f3n de forma m\u00e1s sencilla y segura.<\/p>\n<p data-start=\"6605\" data-end=\"6895\">En conjunto, estas caracter\u00edsticas reflejan c\u00f3mo ha cambiado la definici\u00f3n de una laptop para uso diario. Ya no basta con tener un procesador suficientemente r\u00e1pido: c\u00e1mara, conectividad, autonom\u00eda, pantalla y facilidad para trabajar desde diferentes lugares forman parte de la experiencia.<\/p>\n<p data-start=\"9516\" data-end=\"9846\">Dell confirm\u00f3 la llegada del nuevo <strong data-start=\"9551\" data-end=\"9580\">Dell 14S a Am\u00e9rica Latina<\/strong>, aunque la disponibilidad comercial ser\u00e1 anunciada pr\u00f3ximamente para cada mercado. La compa\u00f1\u00eda se\u00f1ala que el equipo estar\u00e1 disponible pr\u00f3ximamente en la regi\u00f3n, por lo que el precio, las configuraciones y la fecha exacta de venta podr\u00e1n variar dependiendo del pa\u00eds.<\/p>\n<p data-start=\"9848\" data-end=\"10089\">En Estados Unidos, el modelo ya aparece dentro del cat\u00e1logo de Dell con diferentes configuraciones, mientras que la compa\u00f1\u00eda tambi\u00e9n ha publicado informaci\u00f3n espec\u00edfica sobre su llegada a otros mercados.<\/p>\n<h3 data-section-id=\"fsc039\" data-start=\"10428\" data-end=\"10452\"><span style=\"color: #000080\">Preguntas frecuentes<\/span><\/h3>\n<h2 data-section-id=\"amp746\" data-start=\"10454\" data-end=\"10496\">\u00bfQu\u00e9 caracter\u00edsticas tiene el Dell 14S?<\/h2>\n<p data-start=\"10498\" data-end=\"10948\">El Dell 14S es una laptop de 14 pulgadas enfocada en movilidad y uso cotidiano. Entre sus caracter\u00edsticas se encuentran pantalla con formato 16:10, opciones de resoluci\u00f3n de hasta 2.8K a 120 Hz, procesadores Intel Core Serie 3, c\u00e1mara FHD, micr\u00f3fonos duales, altavoces est\u00e9reo, Wi-Fi 6E, Windows Hello, USB-C, HDMI y conexi\u00f3n para aud\u00edfonos. Dell tambi\u00e9n destaca su construcci\u00f3n en aluminio y su dise\u00f1o compacto.<\/p>\n<h2 data-section-id=\"vyr39w\" data-start=\"10950\" data-end=\"10994\">\u00bfEl Dell 14S estar\u00e1 disponible en M\u00e9xico?<\/h2>\n<p data-start=\"10996\" data-end=\"11336\">S\u00ed. Dell anunci\u00f3 la llegada del Dell 14S a Am\u00e9rica Latina y M\u00e9xico forma parte de la regi\u00f3n contemplada para el lanzamiento. Sin embargo, al momento del anuncio, la compa\u00f1\u00eda indic\u00f3 que el equipo estar\u00e1 disponible pr\u00f3ximamente, por lo que el precio y las configuraciones espec\u00edficas para M\u00e9xico todav\u00eda depender\u00e1n de la disponibilidad local.<\/p>\n<h2 data-section-id=\"zvlj5x\" data-start=\"11338\" data-end=\"11375\">\u00bfQu\u00e9 procesador tiene el Dell 14S?<\/h2>\n<p data-start=\"11377\" data-end=\"11769\">El Dell 14S puede incorporar procesadores de la familia <strong data-start=\"11433\" data-end=\"11455\">Intel Core Serie 3<\/strong>, dependiendo de la configuraci\u00f3n y mercado. Esta generaci\u00f3n est\u00e1 basada en los fundamentos de Intel Core Ultra Serie 3, conocida internamente como Panther Lake, y est\u00e1 dise\u00f1ada para ofrecer rendimiento eficiente y capacidades de inteligencia artificial en equipos port\u00e1tiles.<\/p>\n","protected":false},"excerpt":{"rendered":"<p>Con procesadores Core Ultra Serie 3 y NPU dedicada en determinadas configuraciones, Dell incorpora capacidades de IA en un equipo pensado para tareas diarias.<\/p>\n","protected":false},"author":229,"featured_media":196387,"comment_status":"closed","ping_status":"closed","sticky":false,"template":"","format":"standard","meta":{"site-sidebar-layout":"default","site-content-layout":"","ast-site-content-layout":"default","site-content-style":"default","site-sidebar-style":"default","ast-global-header-display":"","ast-banner-title-visibility":"","ast-main-header-display":"","ast-hfb-above-header-display":"","ast-hfb-below-header-display":"","ast-hfb-mobile-header-display":"","site-post-title":"","ast-breadcrumbs-content":"","ast-featured-img":"","footer-sml-layout":"","ast-disable-related-posts":"","theme-transparent-header-meta":"default","adv-header-id-meta":"","stick-header-meta":"","header-above-stick-meta":"","header-main-stick-meta":"","header-below-stick-meta":"","astra-migrate-meta-layouts":"set","ast-page-background-enabled":"default","ast-page-background-meta":{"desktop":{"background-color":"var(--ast-global-color-4)","background-image":"","background-repeat":"repeat","background-position":"center center","background-size":"auto","background-attachment":"scroll","background-type":"","background-media":"","overlay-type":"","overlay-color":"","overlay-opacity":"","overlay-gradient":""},"tablet":{"background-color":"","background-image":"","background-repeat":"repeat","background-position":"center center","background-size":"auto","background-attachment":"scroll","background-type":"","background-media":"","overlay-type":"","overlay-color":"","overlay-opacity":"","overlay-gradient":""},"mobile":{"background-color":"","background-image":"","background-repeat":"repeat","background-position":"center center","background-size":"auto","background-attachment":"scroll","background-type":"","background-media":"","overlay-type":"","overlay-color":"","overlay-opacity":"","overlay-gradient":""}},"ast-content-background-meta":{"desktop":{"background-color":"var(--ast-global-color-5)","background-image":"","background-repeat":"repeat","background-position":"center center","background-size":"auto","background-attachment":"scroll","background-type":"","background-media":"","overlay-type":"","overlay-color":"","overlay-opacity":"","overlay-gradient":""},"tablet":{"background-color":"var(--ast-global-color-5)","background-image":"","background-repeat":"repeat","background-position":"center center","background-size":"auto","background-attachment":"scroll","background-type":"","background-media":"","overlay-type":"","overlay-color":"","overlay-opacity":"","overlay-gradient":""},"mobile":{"background-color":"var(--ast-global-color-5)","background-image":"","background-repeat":"repeat","background-position":"center center","background-size":"auto","background-attachment":"scroll","background-type":"","background-media":"","overlay-type":"","overlay-color":"","overlay-opacity":"","overlay-gradient":""}},"footnotes":""},"categories":[50],"tags":[58],"class_list":["post-196382","post","type-post","status-publish","format-standard","has-post-thumbnail","hentry","category-dispositivos","tag-dell"],"_links":{"self":[{"href":"https:\/\/www.itsitio.com\/mx\/wp-json\/wp\/v2\/posts\/196382","targetHints":{"allow":["GET"]}}],"collection":[{"href":"https:\/\/www.itsitio.com\/mx\/wp-json\/wp\/v2\/posts"}],"about":[{"href":"https:\/\/www.itsitio.com\/mx\/wp-json\/wp\/v2\/types\/post"}],"author":[{"embeddable":true,"href":"https:\/\/www.itsitio.com\/mx\/wp-json\/wp\/v2\/users\/229"}],"replies":[{"embeddable":true,"href":"https:\/\/www.itsitio.com\/mx\/wp-json\/wp\/v2\/comments?post=196382"}],"version-history":[{"count":1,"href":"https:\/\/www.itsitio.com\/mx\/wp-json\/wp\/v2\/posts\/196382\/revisions"}],"predecessor-version":[{"id":196389,"href":"https:\/\/www.itsitio.com\/mx\/wp-json\/wp\/v2\/posts\/196382\/revisions\/196389"}],"wp:featuredmedia":[{"embeddable":true,"href":"https:\/\/www.itsitio.com\/mx\/wp-json\/wp\/v2\/media\/196387"}],"wp:attachment":[{"href":"https:\/\/www.itsitio.com\/mx\/wp-json\/wp\/v2\/media?parent=196382"}],"wp:term":[{"taxonomy":"category","embeddable":true,"href":"https:\/\/www.itsitio.com\/mx\/wp-json\/wp\/v2\/categories?post=196382"},{"taxonomy":"post_tag","embeddable":true,"href":"https:\/\/www.itsitio.com\/mx\/wp-json\/wp\/v2\/tags?post=196382"}],"curies":[{"name":"wp","href":"https:\/\/api.w.org\/{rel}","templated":true}]}}