{"id":196370,"date":"2026-09-01T21:59:32","date_gmt":"2026-09-02T00:59:32","guid":{"rendered":"https:\/\/www.itsitio.com\/mx\/?p=196370"},"modified":"2026-09-01T21:59:32","modified_gmt":"2026-09-02T00:59:32","slug":"microsoft-nombra-a-ivonne-mejia-como-nueva-directora-general-en-mexico","status":"publish","type":"post","link":"https:\/\/www.itsitio.com\/mx\/libro-de-pases\/microsoft-nombra-a-ivonne-mejia-como-nueva-directora-general-en-mexico\/","title":{"rendered":"Microsoft nombra a Ivonne Mej\u00eda como nueva directora general en M\u00e9xico"},"content":{"rendered":"<p class=\"PDq2pG_selectionAnchorContainer\" data-start=\"1034\" data-end=\"1400\">Microsoft M\u00e9xico tiene nueva l\u00edder, a partir de este 1 de septiembre de 2026, <strong data-start=\"1112\" data-end=\"1177\">Ivonne Mej\u00eda asumir\u00e1 la direcci\u00f3n general de Microsoft M\u00e9xico<\/strong>, con la misi\u00f3n de acelerar el crecimiento de la compa\u00f1\u00eda, fortalecer sus relaciones con clientes y socios y aprovechar las oportunidades que abre la inteligencia artificial en el pa\u00eds.<\/p>\n<p data-start=\"1402\" data-end=\"1551\">El nombramiento representa adem\u00e1s un cambio hist\u00f3rico: Mej\u00eda se convierte en <strong data-start=\"1479\" data-end=\"1550\">la primera mujer en ocupar la direcci\u00f3n general de Microsoft M\u00e9xico<\/strong>.<\/p>\n<h2 data-section-id=\"1styxog\" data-start=\"2750\" data-end=\"2787\"><span style=\"color: #000080\">M\u00e1s de 15 a\u00f1os dentro de Microsoft<\/span><\/h2>\n<p data-start=\"2900\" data-end=\"3189\">La ejecutiva acumula <strong data-start=\"2921\" data-end=\"2969\">m\u00e1s de 15 a\u00f1os de trayectoria en la compa\u00f1\u00eda<\/strong>, periodo durante el cual ocup\u00f3 posiciones de liderazgo en \u00e1reas estrat\u00e9gicas y particip\u00f3 en iniciativas relacionadas con transformaci\u00f3n digital, innovaci\u00f3n y crecimiento de negocio.<\/p>\n<p data-start=\"3191\" data-end=\"3421\">Su perfil combina tecnolog\u00eda y negocio. Es <strong data-start=\"3234\" data-end=\"3299\">ingeniera electr\u00f3nica por la Universidad Nacional de Colombia<\/strong>, tiene un MBA por el Tecnol\u00f3gico de Monterrey y curs\u00f3 un Diplomado en Administraci\u00f3n y Direcci\u00f3n de Empresas en el IPADE.<\/p>\n<p data-start=\"3423\" data-end=\"3650\">Antes de incorporarse a Microsoft en 2010, trabaj\u00f3 en Rockwell Automation. Esa experiencia le permiti\u00f3 desarrollar una perspectiva comercial y tecnol\u00f3gica que posteriormente traslad\u00f3 a diferentes posiciones dentro de Microsoft.<\/p>\n<p data-start=\"3652\" data-end=\"3815\">Ahora, su reto ser\u00e1 convertir ese conocimiento en una estrategia para un mercado mexicano que est\u00e1 adquiriendo mayor relevancia dentro del mapa tecnol\u00f3gico global.<\/p>\n<p data-start=\"3817\" data-end=\"4129\">En su primer mensaje como directora general, Mej\u00eda puso el foco en las personas, los clientes y los socios de negocio. Su planteamiento apunta a trabajar de manera conjunta, aprovechar las capacidades de Microsoft y utilizar la tecnolog\u00eda para generar mayor valor en M\u00e9xico.<\/p>\n<h2 data-section-id=\"12tkqxj\" data-start=\"4131\" data-end=\"4193\"><span style=\"color: #000080\">Microsoft ya tiene una infraestructura importante en M\u00e9xico<\/span><\/h2>\n<p data-start=\"4195\" data-end=\"4331\">Uno de los principales activos que recibir\u00e1 Mej\u00eda es la infraestructura que Microsoft ha construido en el pa\u00eds durante los \u00faltimos a\u00f1os.<\/p>\n<p data-start=\"4333\" data-end=\"4526\">Microsoft cuenta actualmente con centros de datos en <strong data-start=\"4386\" data-end=\"4415\">Quer\u00e9taro y Ciudad Ju\u00e1rez<\/strong>, mientras contin\u00faa desarrollando infraestructura adicional en Quer\u00e9taro.<\/p>\n<p data-start=\"4528\" data-end=\"4927\">La regi\u00f3n de centros de datos de Quer\u00e9taro es particularmente relevante porque permite ofrecer servicios de nube con la posibilidad de mantener los datos en territorio mexicano. Microsoft la present\u00f3 como su primera regi\u00f3n de nube de hiperescala en M\u00e9xico y como una infraestructura destinada a atender tanto a empresas mexicanas como a organizaciones globales.<\/p>\n<p data-start=\"4929\" data-end=\"5280\">Adem\u00e1s, informaci\u00f3n publicada por Microsoft sobre sus centros de datos en M\u00e9xico se\u00f1ala que la compa\u00f1\u00eda opera una instalaci\u00f3n y construye otras dos en Quer\u00e9taro. Para estas nuevas instalaciones se estimaron aproximadamente <strong data-start=\"5152\" data-end=\"5241\">9 millones de horas de trabajo y m\u00e1s de 2,200 empleos durante el pico de construcci\u00f3n<\/strong>.<\/p>\n<p data-start=\"5282\" data-end=\"5620\">La infraestructura tambi\u00e9n forma parte de una apuesta econ\u00f3mica m\u00e1s amplia. Microsoft anunci\u00f3 anteriormente una inversi\u00f3n de <strong data-start=\"5407\" data-end=\"5446\">1,300 millones de d\u00f3lares en M\u00e9xico<\/strong> para fortalecer infraestructura de nube e inteligencia artificial y ampliar programas de capacitaci\u00f3n en habilidades digitales y de IA.<\/p>\n<h2 data-section-id=\"q6ipke\" data-start=\"7413\" data-end=\"7465\"><span style=\"color: #000080\">Rafael S\u00e1nchez deja un legado marcado por la nube<\/span><\/h2>\n<p data-start=\"7534\" data-end=\"7811\"><strong data-start=\"7534\" data-end=\"7600\">Rafael S\u00e1nchez estuvo al frente de Microsoft M\u00e9xico desde 2022<\/strong> y durante su gesti\u00f3n la empresa impuls\u00f3 la transformaci\u00f3n de sus operaciones, fortaleci\u00f3 sus capacidades comerciales y avanz\u00f3 en proyectos de infraestructura tecnol\u00f3gica.<\/p>\n<p data-start=\"7813\" data-end=\"7984\">Uno de los elementos m\u00e1s visibles de ese periodo fue la consolidaci\u00f3n de la regi\u00f3n de centros de datos en Quer\u00e9taro, adem\u00e1s del relanzamiento del Microsoft Innovation Hub.<\/p>\n<p data-start=\"7986\" data-end=\"8211\">S\u00e1nchez tambi\u00e9n promovi\u00f3 iniciativas relacionadas con diversidad, inclusi\u00f3n y desarrollo de talento, mientras M\u00e9xico comenzaba a ganar mayor peso dentro de la estrategia de Microsoft para la nube y la inteligencia artificial.<\/p>\n<p data-start=\"8213\" data-end=\"8522\">Despu\u00e9s de m\u00e1s de cuatro a\u00f1os como director general, S\u00e1nchez dejar\u00e1 Microsoft para comenzar un nuevo proyecto profesional dentro de la industria de tecnolog\u00edas de la informaci\u00f3n. La compa\u00f1\u00eda se\u00f1al\u00f3 que los detalles de su siguiente etapa se dar\u00e1n a conocer pr\u00f3ximamente.<\/p>\n<h2 data-section-id=\"1nngifq\" data-start=\"10033\" data-end=\"10056\"><span style=\"color: #000080\">Preguntas frecuentes<\/span><\/h2>\n<h3 data-section-id=\"mobfm7\" data-start=\"10058\" data-end=\"10130\">\u00bfQui\u00e9n es Ivonne Mej\u00eda, nueva directora general de Microsoft M\u00e9xico?<\/h3>\n<p data-start=\"10132\" data-end=\"10484\">Ivonne Mej\u00eda es una ejecutiva con m\u00e1s de 15 a\u00f1os de experiencia en Microsoft. Es ingeniera electr\u00f3nica por la Universidad Nacional de Colombia, tiene un MBA del Tecnol\u00f3gico de Monterrey y curs\u00f3 un diplomado en administraci\u00f3n y direcci\u00f3n de empresas en el IPADE. Antes de Microsoft trabaj\u00f3 en Rockwell Automation.<\/p>\n<h3 data-section-id=\"vls9e\" data-start=\"10486\" data-end=\"10563\">\u00bfCu\u00e1ndo comienza Ivonne Mej\u00eda como directora general de Microsoft M\u00e9xico?<\/h3>\n<p data-start=\"10565\" data-end=\"10827\">Ivonne Mej\u00eda asume oficialmente la direcci\u00f3n general de Microsoft M\u00e9xico el <strong data-start=\"10641\" data-end=\"10668\">1 de septiembre de 2026<\/strong>. Durante agosto trabaj\u00f3 junto con Rafael S\u00e1nchez para realizar una transici\u00f3n ordenada en el liderazgo de la compa\u00f1\u00eda.<\/p>\n<h3 data-section-id=\"7thl93\" data-start=\"10829\" data-end=\"10905\">\u00bfQu\u00e9 importancia tiene M\u00e9xico para Microsoft en inteligencia artificial?<\/h3>\n<p data-start=\"10907\" data-end=\"11364\">M\u00e9xico es un mercado estrat\u00e9gico para Microsoft por el crecimiento de su conectividad, su infraestructura de nube y el potencial de adopci\u00f3n de inteligencia artificial. La compa\u00f1\u00eda ha invertido en infraestructura de nube e IA, cuenta con una regi\u00f3n de centros de datos en Quer\u00e9taro y anunci\u00f3 previamente una inversi\u00f3n de 1,300 millones de d\u00f3lares para infraestructura y capacitaci\u00f3n relacionada con estas tecnolog\u00edas.<\/p>\n","protected":false},"excerpt":{"rendered":"<p>La primera mujer al frente de Microsoft M\u00e9xico tendr\u00e1 un desaf\u00edo may\u00fasculo: convertir el crecimiento de la IA en negocio para clientes y socios.<\/p>\n","protected":false},"author":229,"featured_media":196371,"comment_status":"closed","ping_status":"closed","sticky":false,"template":"","format":"standard","meta":{"site-sidebar-layout":"default","site-content-layout":"","ast-site-content-layout":"default","site-content-style":"default","site-sidebar-style":"default","ast-global-header-display":"","ast-banner-title-visibility":"","ast-main-header-display":"","ast-hfb-above-header-display":"","ast-hfb-below-header-display":"","ast-hfb-mobile-header-display":"","site-post-title":"","ast-breadcrumbs-content":"","ast-featured-img":"","footer-sml-layout":"","ast-disable-related-posts":"","theme-transparent-header-meta":"default","adv-header-id-meta":"","stick-header-meta":"","header-above-stick-meta":"","header-main-stick-meta":"","header-below-stick-meta":"","astra-migrate-meta-layouts":"set","ast-page-background-enabled":"default","ast-page-background-meta":{"desktop":{"background-color":"var(--ast-global-color-4)","background-image":"","background-repeat":"repeat","background-position":"center center","background-size":"auto","background-attachment":"scroll","background-type":"","background-media":"","overlay-type":"","overlay-color":"","overlay-opacity":"","overlay-gradient":""},"tablet":{"background-color":"","background-image":"","background-repeat":"repeat","background-position":"center center","background-size":"auto","background-attachment":"scroll","background-type":"","background-media":"","overlay-type":"","overlay-color":"","overlay-opacity":"","overlay-gradient":""},"mobile":{"background-color":"","background-image":"","background-repeat":"repeat","background-position":"center center","background-size":"auto","background-attachment":"scroll","background-type":"","background-media":"","overlay-type":"","overlay-color":"","overlay-opacity":"","overlay-gradient":""}},"ast-content-background-meta":{"desktop":{"background-color":"var(--ast-global-color-5)","background-image":"","background-repeat":"repeat","background-position":"center center","background-size":"auto","background-attachment":"scroll","background-type":"","background-media":"","overlay-type":"","overlay-color":"","overlay-opacity":"","overlay-gradient":""},"tablet":{"background-color":"var(--ast-global-color-5)","background-image":"","background-repeat":"repeat","background-position":"center center","background-size":"auto","background-attachment":"scroll","background-type":"","background-media":"","overlay-type":"","overlay-color":"","overlay-opacity":"","overlay-gradient":""},"mobile":{"background-color":"var(--ast-global-color-5)","background-image":"","background-repeat":"repeat","background-position":"center center","background-size":"auto","background-attachment":"scroll","background-type":"","background-media":"","overlay-type":"","overlay-color":"","overlay-opacity":"","overlay-gradient":""}},"footnotes":""},"categories":[20],"tags":[42],"class_list":["post-196370","post","type-post","status-publish","format-standard","has-post-thumbnail","hentry","category-libro-de-pases","tag-microsoft"],"_links":{"self":[{"href":"https:\/\/www.itsitio.com\/mx\/wp-json\/wp\/v2\/posts\/196370","targetHints":{"allow":["GET"]}}],"collection":[{"href":"https:\/\/www.itsitio.com\/mx\/wp-json\/wp\/v2\/posts"}],"about":[{"href":"https:\/\/www.itsitio.com\/mx\/wp-json\/wp\/v2\/types\/post"}],"author":[{"embeddable":true,"href":"https:\/\/www.itsitio.com\/mx\/wp-json\/wp\/v2\/users\/229"}],"replies":[{"embeddable":true,"href":"https:\/\/www.itsitio.com\/mx\/wp-json\/wp\/v2\/comments?post=196370"}],"version-history":[{"count":2,"href":"https:\/\/www.itsitio.com\/mx\/wp-json\/wp\/v2\/posts\/196370\/revisions"}],"predecessor-version":[{"id":196374,"href":"https:\/\/www.itsitio.com\/mx\/wp-json\/wp\/v2\/posts\/196370\/revisions\/196374"}],"wp:featuredmedia":[{"embeddable":true,"href":"https:\/\/www.itsitio.com\/mx\/wp-json\/wp\/v2\/media\/196371"}],"wp:attachment":[{"href":"https:\/\/www.itsitio.com\/mx\/wp-json\/wp\/v2\/media?parent=196370"}],"wp:term":[{"taxonomy":"category","embeddable":true,"href":"https:\/\/www.itsitio.com\/mx\/wp-json\/wp\/v2\/categories?post=196370"},{"taxonomy":"post_tag","embeddable":true,"href":"https:\/\/www.itsitio.com\/mx\/wp-json\/wp\/v2\/tags?post=196370"}],"curies":[{"name":"wp","href":"https:\/\/api.w.org\/{rel}","templated":true}]}}