{"id":194535,"date":"2026-06-05T14:58:53","date_gmt":"2026-06-05T17:58:53","guid":{"rendered":"https:\/\/www.itsitio.com\/mx\/?p=194535"},"modified":"2026-06-05T15:04:15","modified_gmt":"2026-06-05T18:04:15","slug":"att-impulsa-el-cuidado-digital-con-programa-para-promover-una-conectividad-mas-segura-y-responsable","status":"publish","type":"post","link":"https:\/\/www.itsitio.com\/mx\/infraestructura\/att-impulsa-el-cuidado-digital-con-programa-para-promover-una-conectividad-mas-segura-y-responsable\/","title":{"rendered":"AT&amp;T impulsa el cuidado digital con programa para promover una conectividad m\u00e1s segura y responsable"},"content":{"rendered":"<p><strong>Por: Ana Arenas\u00a0<\/strong><\/p>\n<p>&nbsp;<\/p>\n<p><span style=\"font-weight: 400\">La conectividad forma parte esencial de la vida cotidiana, y <strong>AT&amp;T present\u00f3 la iniciativa AT&amp;T Cuidado digital<\/strong> dise\u00f1ada para fomentar el uso seguro, responsable y equilibrado de la tecnolog\u00eda, especialmente entre ni\u00f1os y adolescentes.\u00a0<\/span><\/p>\n<p><span style=\"font-weight: 400\">Durante la presentaci\u00f3n, la compa\u00f1\u00eda reuni\u00f3 a especialistas en crianza digital, bienestar tecnol\u00f3gico y educaci\u00f3n para reflexionar sobre los desaf\u00edos que enfrentan las familias ante el creciente uso de pantallas y dispositivos conectados.\u00a0<\/span><\/p>\n<p><span style=\"font-weight: 400\"><strong>M\u00f3nica Aspe, directora general de AT&amp;T M\u00e9xico,<\/strong> explic\u00f3 que, conectar tambi\u00e9n implica cuidar, de ah\u00ed que el programa busque brindar herramientas\u00a0 pr\u00e1cticas para prevenir riesgos digitales como el ciberacoso, el fraude, el robo de identidad, la desinformaci\u00f3n, el grooming y la hiperconectividad.\u00a0<\/span><\/p>\n<p><span style=\"font-weight: 400\">Esta iniciativa, explic\u00f3 Aspe, surge como evoluci\u00f3n de los esfuerzos de accesibilidad digital que la empresa ha impulsado desde 2025 y que ya han permitido realizar m\u00e1s de <strong>83 mil configuraciones gratuitas de accesibilidad en dispositivos m\u00f3viles<\/strong> para personas con distintas necesidades.\u00a0<\/span><\/p>\n<figure id=\"attachment_194536\" aria-describedby=\"caption-attachment-194536\" style=\"width: 2048px\" class=\"wp-caption alignnone\"><img fetchpriority=\"high\" decoding=\"async\" class=\"wp-image-194536 size-full\" src=\"https:\/\/www.itsitio.com\/mx\/wp-content\/uploads\/sites\/3\/2026\/06\/69CC1C44-5177-43A2-9928-AB1A052F442E_1_102_o.jpeg\" alt=\"\" width=\"2048\" height=\"1536\" srcset=\"https:\/\/www.itsitio.com\/mx\/wp-content\/uploads\/sites\/3\/2026\/06\/69CC1C44-5177-43A2-9928-AB1A052F442E_1_102_o.jpeg 2048w, https:\/\/www.itsitio.com\/mx\/wp-content\/uploads\/sites\/3\/2026\/06\/69CC1C44-5177-43A2-9928-AB1A052F442E_1_102_o-300x225.jpeg 300w, https:\/\/www.itsitio.com\/mx\/wp-content\/uploads\/sites\/3\/2026\/06\/69CC1C44-5177-43A2-9928-AB1A052F442E_1_102_o-1024x768.jpeg 1024w, https:\/\/www.itsitio.com\/mx\/wp-content\/uploads\/sites\/3\/2026\/06\/69CC1C44-5177-43A2-9928-AB1A052F442E_1_102_o-768x576.jpeg 768w, https:\/\/www.itsitio.com\/mx\/wp-content\/uploads\/sites\/3\/2026\/06\/69CC1C44-5177-43A2-9928-AB1A052F442E_1_102_o-1536x1152.jpeg 1536w, https:\/\/www.itsitio.com\/mx\/wp-content\/uploads\/sites\/3\/2026\/06\/69CC1C44-5177-43A2-9928-AB1A052F442E_1_102_o-600x450.jpeg 600w\" sizes=\"(max-width: 2048px) 100vw, 2048px\" \/><figcaption id=\"caption-attachment-194536\" class=\"wp-caption-text\">AT&amp;T lanz\u00f3 Cuidado Digital, una iniciativa que busca promover el uso seguro, responsable y equilibrado de la tecnolog\u00eda entre familias mexicanas.<\/figcaption><\/figure>\n<h2><span style=\"color: #000080\"><b>Cuatro ejes para fortalecer la seguridad digital\u00a0<\/b><\/span><\/h2>\n<p>&nbsp;<\/p>\n<p><span style=\"font-weight: 400\">AT&amp;T Cuidado Digital se desarrollar\u00e1 a trav\u00e9s de cuatro l\u00edneas de acciones:<\/span><\/p>\n<p><b>1.Sensibilizaci<\/b><span style=\"font-weight: 400\">\u00f3<\/span><b>n digital. <\/b><span style=\"font-weight: 400\">La compa\u00f1<\/span><b>\u00ed<\/b><span style=\"font-weight: 400\">a difundir\u00e1 contenidos educativos sobre riesgos digitales, se\u00f1ales de alerta y medidas de prevenci\u00f3n a trav\u00e9s de sus plataformas digitales, en colaboraci\u00f3n con especialistas en educaci\u00f3n y bienestar digital.\u00a0<\/span><\/p>\n<p>&nbsp;<\/p>\n<p><b>2.Educaci<\/b><span style=\"font-weight: 400\">\u00f3<\/span><b>n. <\/b><span style=\"font-weight: 400\">Se crear\u00e1n materiales y recursos dirigidos a estudiantes, docentes, madres y padres de familia de escuelas p\u00fablicas de Ciudad de M\u00e9xico y Nuevo Le\u00f3n, con el objetivo de fortalecer las habilidades necesarias para desenvolverse de manera segura en el entorno digital.\u00a0<\/span><\/p>\n<p>&nbsp;<\/p>\n<p><b>3.Impacto comunitario. <\/b><span style=\"font-weight: 400\">Los contenidos formativos tambi\u00e9n llegar\u00e1n a comunidades a trav\u00e9s de un aula m\u00f3vil itinerante que opera en Ciudad de M\u00e9xico y su zona metropolitana, ampliando el alcance de la iniciativa hacia otros sectores de la poblaci\u00f3n, incluidos adultos mayores.\u00a0<\/span><\/p>\n<p>&nbsp;<\/p>\n<p><b>4.Acompa\u00f1a<\/b> <b>miento pr\u00e1ctico. <\/b><span style=\"font-weight: 400\">M\u00e1s de 6 mil 300 ejecutivos de atenci\u00f3n y ventas de AT&amp;T recibir\u00e1n capacitaci\u00f3n para ayudar gratuitamente a usuarios a activar herramientas de seguridad y bienestar digital en sus dispositivos, como l\u00edmites de tiempo de uso, control de contenidos, reducci\u00f3n de distracciones y gesti\u00f3n de contactos autorizados.\u00a0<\/span><\/p>\n<figure id=\"attachment_194538\" aria-describedby=\"caption-attachment-194538\" style=\"width: 2048px\" class=\"wp-caption alignnone\"><img decoding=\"async\" class=\"wp-image-194538 size-full\" src=\"https:\/\/www.itsitio.com\/mx\/wp-content\/uploads\/sites\/3\/2026\/06\/66D4E0AE-BB6C-4AB3-9C7F-2642808536FE_1_102_o.jpeg\" alt=\"\" width=\"2048\" height=\"1536\" srcset=\"https:\/\/www.itsitio.com\/mx\/wp-content\/uploads\/sites\/3\/2026\/06\/66D4E0AE-BB6C-4AB3-9C7F-2642808536FE_1_102_o.jpeg 2048w, https:\/\/www.itsitio.com\/mx\/wp-content\/uploads\/sites\/3\/2026\/06\/66D4E0AE-BB6C-4AB3-9C7F-2642808536FE_1_102_o-300x225.jpeg 300w, https:\/\/www.itsitio.com\/mx\/wp-content\/uploads\/sites\/3\/2026\/06\/66D4E0AE-BB6C-4AB3-9C7F-2642808536FE_1_102_o-1024x768.jpeg 1024w, https:\/\/www.itsitio.com\/mx\/wp-content\/uploads\/sites\/3\/2026\/06\/66D4E0AE-BB6C-4AB3-9C7F-2642808536FE_1_102_o-768x576.jpeg 768w, https:\/\/www.itsitio.com\/mx\/wp-content\/uploads\/sites\/3\/2026\/06\/66D4E0AE-BB6C-4AB3-9C7F-2642808536FE_1_102_o-1536x1152.jpeg 1536w, https:\/\/www.itsitio.com\/mx\/wp-content\/uploads\/sites\/3\/2026\/06\/66D4E0AE-BB6C-4AB3-9C7F-2642808536FE_1_102_o-600x450.jpeg 600w\" sizes=\"(max-width: 2048px) 100vw, 2048px\" \/><figcaption id=\"caption-attachment-194538\" class=\"wp-caption-text\">Ciberacoso, fraude, robo de identidad, grooming y desinformaci\u00f3n son algunos de los riesgos digitales que busca atender la iniciativa.<\/figcaption><\/figure>\n<p>&nbsp;<\/p>\n<h2><span style=\"color: #000080\"><b>El reto va m\u00e1s all\u00e1 de la tecnolog\u00eda\u00a0<\/b><\/span><\/h2>\n<p>&nbsp;<\/p>\n<p><span style=\"font-weight: 400\">Durante el panel, <\/span><i><span style=\"font-weight: 400\"><strong>Juntos en lo digital: la prevenci\u00f3n como pieza clave del reto de las pantallas en menores y adultos<\/strong>, <\/span><\/i><span style=\"font-weight: 400\">expertas coincidieron en que el principal desaf\u00edo no es la tecnolog\u00eda en s\u00ed misma, sino la manera en que las personas interact\u00faan con ella.\u00a0<\/span><\/p>\n<p><span style=\"font-weight: 400\"><strong>Irene Garcia, especialista y promotora de crianza digital y prevenci\u00f3n de riesgos en l\u00ednea,<\/strong> destac\u00f3 la importancia de sustituir el control por la conversaci\u00f3n y fortalecer la comunicaci\u00f3n dentro de las familias para que ni\u00f1as, ni\u00f1os y adolescentes\u00a0 cuenten con espacios seguros donde expresar inquietudes o pedir ayuda ante situaciones de riesgo.\u00a0<\/span><\/p>\n<p><span style=\"font-weight: 400\">Por su parte, <strong>Dina Buchbinder, fundadora y presidenta de Educaci\u00f3n para Compartir<\/strong>, subray\u00f3 la necesidad de impulsar alianzas entre empresas, gobiernos, escuelas y organizaciones civiles para fortalecer la educaci\u00f3n digital y desarrollar pensamiento cr\u00edtico en las nuevas generaciones.\u00a0<\/span><\/p>\n<p><span style=\"font-weight: 400\">Mientras que, <strong>Ana De Saracho, socia fundadora de Synertics,<\/strong> abogada y especialista en bienestar digital, enfatiz\u00f3 que los adultos deben convertirse en modelos de comportamiento\u00a0 para los menores. \u201cNo se trata de vivir sin pantallas, sino de evitar que las pantallas nos impidan vivir la vida real\u201d, dijo.\u00a0<\/span><\/p>\n<p><span style=\"font-weight: 400\">AT&amp;T destac<\/span><b>\u00f3<\/b><span style=\"font-weight: 400\"> que la respuesta a los riesgos digitales no consiste en limitar el acceso a la tecnolog\u00eda, sino en promover un uso consciente que permita aprovechar sus beneficios sin descuidar la seguridad y el bienestar de las personas.\u00a0<\/span><\/p>\n<p><span style=\"font-weight: 400\">Con esta iniciativa, la compa\u00f1\u00eda busca construir una red de apoyo que involucre a familias, escuelas, especialistas y comunidades para impulsar una cultura de prevenci\u00f3n y ciudadania digital.\u00a0 <\/span><span style=\"font-weight: 400\">\u201cQueremos que m\u00e1s ni\u00f1as, ni\u00f1os y adolescentes y familias vivan su vida digital con mayor seguridad, confianza y libertad\u201d, dijo Aspe.\u00a0<\/span><\/p>\n<p><span style=\"font-weight: 400\">Con AT&amp;T Cuidado Digital, la empresa apuesta por convertir la educaci\u00f3n, la prevenci\u00f3n y el acompa\u00f1amiento en herramientas clave para enfrentar los desaf\u00edos de una sociedad cada vez m\u00e1s conectada.<\/span><\/p>\n<h3><span style=\"color: #000080\">Preguntas frecuentes:\u00a0<\/span><\/h3>\n<h3>1. \u00bfQu\u00e9 es AT&amp;T Cuidado Digital y c\u00f3mo busca proteger a ni\u00f1os y adolescentes en l\u00ednea?<\/h3>\n<p>AT&amp;T Cuidado Digital es una iniciativa que promueve el uso seguro, responsable y equilibrado de la tecnolog\u00eda. A trav\u00e9s de contenidos educativos, materiales para escuelas, capacitaciones y acompa\u00f1amiento pr\u00e1ctico, busca ayudar a las familias a prevenir riesgos como el ciberacoso, el grooming, el fraude digital, el robo de identidad y la hiperconectividad, fomentando una ciudadan\u00eda digital m\u00e1s segura.<\/p>\n<h3>2. \u00bfCu\u00e1les son los principales riesgos digitales que enfrentan hoy las familias mexicanas?<\/h3>\n<p>Entre los riesgos m\u00e1s comunes se encuentran el ciberacoso, la exposici\u00f3n a contenido inapropiado, el fraude en l\u00ednea, la desinformaci\u00f3n, el robo de identidad y el contacto con personas desconocidas. Sin embargo, especialistas reunidos por AT&amp;T coinciden en que el reto no es la tecnolog\u00eda en s\u00ed, sino aprender a utilizarla de forma consciente, fortaleciendo la comunicaci\u00f3n familiar y el pensamiento cr\u00edtico.<\/p>\n<h3>3. \u00bfC\u00f3mo pueden los padres de familia fomentar h\u00e1bitos digitales saludables en sus hijos?<\/h3>\n<p>Los expertos recomiendan sustituir la supervisi\u00f3n basada \u00fanicamente en restricciones por el di\u00e1logo constante. Establecer acuerdos sobre el tiempo de uso de dispositivos, conversar sobre los riesgos en l\u00ednea, utilizar herramientas de control parental y, sobre todo, predicar con el ejemplo son acciones clave para desarrollar una relaci\u00f3n m\u00e1s saludable con la tecnolog\u00eda. Como destac\u00f3 Ana De Saracho, el objetivo no es vivir sin pantallas, sino evitar que las pantallas limiten las experiencias de la vida real.<\/p>\n<h3><span style=\"color: #000080\">Lee m\u00e1s:<\/span><\/h3>\n<ul>\n<li class=\"elementor-post__title\"><a href=\"https:\/\/www.itsitio.com\/mx\/inteligencia-artificial\/microsoft-lanza-mai-la-nueva-familia-de-ia-que-competira-con-chatgpt-y-claude\/\">Microsoft entra de lleno a la guerra de la inteligencia artificial con modelos propios para competir contra OpenAI y Anthropic<\/a><\/li>\n<li class=\"elementor-post__title\"><a href=\"https:\/\/www.itsitio.com\/mx\/eventos\/adriana-flores-villareal-la-nueva-cara-de-hp-mexico-que-apuesta-por-transformar-los-retos-de-la-industria-en-oportunidades-de-crecimiento\/\">Adriana Flores Villareal: la nueva cara de HP M\u00e9xico que apuesta por transformar los retos de la industria en oportunidades de crecimiento<\/a><\/li>\n<li class=\"elementor-post__title\"><a href=\"https:\/\/www.itsitio.com\/mx\/inteligencia-artificial\/de-guardianes-del-riesgo-a-socios-del-negocio-la-ia-que-esta-transformando-el-trabajo-legal-en-mexico\/\">De guardianes del riesgo a socios del negocio: la IA que est\u00e1 transformando el trabajo legal en M\u00e9xico<\/a><\/li>\n<\/ul>\n","protected":false},"excerpt":{"rendered":"<p>Cuidado Digital es la iniciativa enfocada en la prevenci\u00f3n de riesgos en l\u00ednea, la educaci\u00f3n digital y el acompa\u00f1amiento a familias, docentes y usuarios de todas las edades. <\/p>\n","protected":false},"author":229,"featured_media":194540,"comment_status":"closed","ping_status":"closed","sticky":false,"template":"","format":"standard","meta":{"site-sidebar-layout":"default","site-content-layout":"","ast-site-content-layout":"default","site-content-style":"default","site-sidebar-style":"default","ast-global-header-display":"","ast-banner-title-visibility":"","ast-main-header-display":"","ast-hfb-above-header-display":"","ast-hfb-below-header-display":"","ast-hfb-mobile-header-display":"","site-post-title":"","ast-breadcrumbs-content":"","ast-featured-img":"","footer-sml-layout":"","ast-disable-related-posts":"","theme-transparent-header-meta":"default","adv-header-id-meta":"","stick-header-meta":"","header-above-stick-meta":"","header-main-stick-meta":"","header-below-stick-meta":"","astra-migrate-meta-layouts":"set","ast-page-background-enabled":"default","ast-page-background-meta":{"desktop":{"background-color":"var(--ast-global-color-4)","background-image":"","background-repeat":"repeat","background-position":"center center","background-size":"auto","background-attachment":"scroll","background-type":"","background-media":"","overlay-type":"","overlay-color":"","overlay-opacity":"","overlay-gradient":""},"tablet":{"background-color":"","background-image":"","background-repeat":"repeat","background-position":"center center","background-size":"auto","background-attachment":"scroll","background-type":"","background-media":"","overlay-type":"","overlay-color":"","overlay-opacity":"","overlay-gradient":""},"mobile":{"background-color":"","background-image":"","background-repeat":"repeat","background-position":"center center","background-size":"auto","background-attachment":"scroll","background-type":"","background-media":"","overlay-type":"","overlay-color":"","overlay-opacity":"","overlay-gradient":""}},"ast-content-background-meta":{"desktop":{"background-color":"var(--ast-global-color-5)","background-image":"","background-repeat":"repeat","background-position":"center center","background-size":"auto","background-attachment":"scroll","background-type":"","background-media":"","overlay-type":"","overlay-color":"","overlay-opacity":"","overlay-gradient":""},"tablet":{"background-color":"var(--ast-global-color-5)","background-image":"","background-repeat":"repeat","background-position":"center center","background-size":"auto","background-attachment":"scroll","background-type":"","background-media":"","overlay-type":"","overlay-color":"","overlay-opacity":"","overlay-gradient":""},"mobile":{"background-color":"var(--ast-global-color-5)","background-image":"","background-repeat":"repeat","background-position":"center center","background-size":"auto","background-attachment":"scroll","background-type":"","background-media":"","overlay-type":"","overlay-color":"","overlay-opacity":"","overlay-gradient":""}},"footnotes":""},"categories":[55],"tags":[104],"class_list":["post-194535","post","type-post","status-publish","format-standard","has-post-thumbnail","hentry","category-infraestructura","tag-att"],"_links":{"self":[{"href":"https:\/\/www.itsitio.com\/mx\/wp-json\/wp\/v2\/posts\/194535","targetHints":{"allow":["GET"]}}],"collection":[{"href":"https:\/\/www.itsitio.com\/mx\/wp-json\/wp\/v2\/posts"}],"about":[{"href":"https:\/\/www.itsitio.com\/mx\/wp-json\/wp\/v2\/types\/post"}],"author":[{"embeddable":true,"href":"https:\/\/www.itsitio.com\/mx\/wp-json\/wp\/v2\/users\/229"}],"replies":[{"embeddable":true,"href":"https:\/\/www.itsitio.com\/mx\/wp-json\/wp\/v2\/comments?post=194535"}],"version-history":[{"count":0,"href":"https:\/\/www.itsitio.com\/mx\/wp-json\/wp\/v2\/posts\/194535\/revisions"}],"wp:featuredmedia":[{"embeddable":true,"href":"https:\/\/www.itsitio.com\/mx\/wp-json\/wp\/v2\/media\/194540"}],"wp:attachment":[{"href":"https:\/\/www.itsitio.com\/mx\/wp-json\/wp\/v2\/media?parent=194535"}],"wp:term":[{"taxonomy":"category","embeddable":true,"href":"https:\/\/www.itsitio.com\/mx\/wp-json\/wp\/v2\/categories?post=194535"},{"taxonomy":"post_tag","embeddable":true,"href":"https:\/\/www.itsitio.com\/mx\/wp-json\/wp\/v2\/tags?post=194535"}],"curies":[{"name":"wp","href":"https:\/\/api.w.org\/{rel}","templated":true}]}}