{"id":180826,"date":"2026-09-02T15:25:03","date_gmt":"2026-09-02T18:25:03","guid":{"rendered":"https:\/\/www.itsitio.com\/co\/?p=180826"},"modified":"2026-09-02T15:25:03","modified_gmt":"2026-09-02T18:25:03","slug":"andicom-2026-arranco-en-cartagena-con-la-inteligencia-artificial-en-el-centro-del-debate","status":"publish","type":"post","link":"https:\/\/www.itsitio.com\/co\/eventos\/andicom-2026-arranco-en-cartagena-con-la-inteligencia-artificial-en-el-centro-del-debate\/","title":{"rendered":"ANDICOM 2026 arranc\u00f3 en Cartagena con la inteligencia artificial en el centro del debate"},"content":{"rendered":"<p class=\"isSelectedEnd\"><a href=\"https:\/\/andicom.co\/\" target=\"_blank\" rel=\"noopener\"><strong>ANDICOM 2026<\/strong><\/a> ya est\u00e1 en marcha en Cartagena de Indias, Colombia. El encuentro comenz\u00f3 el <strong>1 de septiembre<\/strong> con las actividades del Knowledge Hub en el Hotel Faranda Collection y contin\u00faa hasta el 4 de septiembre en el Complejo Las Am\u00e9ricas, donde empresas, especialistas y referentes del sector tecnol\u00f3gico analizan los principales desaf\u00edos de la transformaci\u00f3n digital.<\/p>\n<p class=\"isSelectedEnd\">En su <strong>41.\u00aa edici\u00f3n<\/strong>, el Congreso se desarrolla bajo el lema <strong>\u201cUnleashing the Power of AI\u201d<\/strong>, con una premisa central: avanzar desde la experimentaci\u00f3n con inteligencia artificial hacia aplicaciones capaces de generar resultados concretos en la econom\u00eda, las organizaciones y la sociedad.<\/p>\n<p class=\"isSelectedEnd\">La discusi\u00f3n ya no pasa \u00fanicamente por conocer qu\u00e9 puede hacer la IA, sino por determinar <strong>c\u00f3mo integrarla, escalarla y gobernarla<\/strong> para mejorar la productividad, transformar modelos de negocio y fortalecer la competitividad.<\/p>\n<blockquote class=\"instagram-media\" style=\"background: #FFF; border: 0; border-radius: 3px; box-shadow: 0 0 1px 0 rgba(0,0,0,0.5),0 1px 10px 0 rgba(0,0,0,0.15); margin: 1px; max-width: 540px; min-width: 326px; padding: 0; width: calc(100% - 2px);\" data-instgrm-permalink=\"https:\/\/www.instagram.com\/reel\/DcxDwzBBLii\/?utm_source=ig_embed&amp;utm_campaign=loading\" data-instgrm-version=\"14\">\n<div style=\"padding: 16px;\">\n<p>&nbsp;<\/p>\n<div style=\"display: flex; flex-direction: row; align-items: center;\">\n<div style=\"background-color: #f4f4f4; border-radius: 50%; flex-grow: 0; height: 40px; margin-right: 14px; width: 40px;\"><\/div>\n<div style=\"display: flex; flex-direction: column; flex-grow: 1; justify-content: center;\">\n<div style=\"background-color: #f4f4f4; border-radius: 4px; flex-grow: 0; height: 14px; margin-bottom: 6px; width: 100px;\"><\/div>\n<div style=\"background-color: #f4f4f4; border-radius: 4px; flex-grow: 0; height: 14px; width: 60px;\"><\/div>\n<\/div>\n<\/div>\n<div style=\"padding: 19% 0;\"><\/div>\n<div style=\"display: block; height: 50px; margin: 0 auto 12px; width: 50px;\"><\/div>\n<div style=\"padding-top: 8px;\">\n<div style=\"color: #3897f0; font-family: Arial,sans-serif; font-size: 14px; font-style: normal; font-weight: 550; line-height: 18px;\">Ver esta publicaci\u00f3n en Instagram<\/div>\n<\/div>\n<div style=\"padding: 12.5% 0;\"><\/div>\n<div style=\"display: flex; flex-direction: row; margin-bottom: 14px; align-items: center;\">\n<div>\n<div style=\"background-color: #f4f4f4; border-radius: 50%; height: 12.5px; width: 12.5px; transform: translateX(0px) translateY(7px);\"><\/div>\n<div style=\"background-color: #f4f4f4; height: 12.5px; transform: rotate(-45deg) translateX(3px) translateY(1px); width: 12.5px; flex-grow: 0; margin-right: 14px; margin-left: 2px;\"><\/div>\n<div style=\"background-color: #f4f4f4; border-radius: 50%; height: 12.5px; width: 12.5px; transform: translateX(9px) translateY(-18px);\"><\/div>\n<\/div>\n<div style=\"margin-left: 8px;\">\n<div style=\"background-color: #f4f4f4; border-radius: 50%; flex-grow: 0; height: 20px; width: 20px;\"><\/div>\n<div style=\"width: 0; height: 0; border-top: 2px solid transparent; border-left: 6px solid #f4f4f4; border-bottom: 2px solid transparent; transform: translateX(16px) translateY(-4px) rotate(30deg);\"><\/div>\n<\/div>\n<div style=\"margin-left: auto;\">\n<div style=\"width: 0px; border-top: 8px solid #F4F4F4; border-right: 8px solid transparent; transform: translateY(16px);\"><\/div>\n<div style=\"background-color: #f4f4f4; flex-grow: 0; height: 12px; width: 16px; transform: translateY(-4px);\"><\/div>\n<div style=\"width: 0; height: 0; border-top: 8px solid #F4F4F4; border-left: 8px solid transparent; transform: translateY(-4px) translateX(8px);\"><\/div>\n<\/div>\n<\/div>\n<div style=\"display: flex; flex-direction: column; flex-grow: 1; justify-content: center; margin-bottom: 24px;\">\n<div style=\"background-color: #f4f4f4; border-radius: 4px; flex-grow: 0; height: 14px; margin-bottom: 6px; width: 224px;\"><\/div>\n<div style=\"background-color: #f4f4f4; border-radius: 4px; flex-grow: 0; height: 14px; width: 144px;\"><\/div>\n<\/div>\n<p>&nbsp;<\/p>\n<p style=\"color: #c9c8cd; font-family: Arial,sans-serif; font-size: 14px; line-height: 17px; margin-bottom: 0; margin-top: 8px; overflow: hidden; padding: 8px 0 7px; text-align: center; text-overflow: ellipsis; white-space: nowrap;\"><a style=\"color: #c9c8cd; font-family: Arial,sans-serif; font-size: 14px; font-style: normal; font-weight: normal; line-height: 17px; text-decoration: none;\" href=\"https:\/\/www.instagram.com\/reel\/DcxDwzBBLii\/?utm_source=ig_embed&amp;utm_campaign=loading\" target=\"_blank\" rel=\"noopener\">Una publicaci\u00f3n compartida por CINTEL (@cintel_colombia)<\/a><\/p>\n<\/div>\n<\/blockquote>\n<p><script async src=\"\/\/www.instagram.com\/embed.js\"><\/script><\/p>\n<h2><span style=\"color: #333399;\">La IA entra en una nueva etapa<\/span><\/h2>\n<p class=\"isSelectedEnd\">Despu\u00e9s de a\u00f1os de desarrollo, pruebas de concepto y adopci\u00f3n inicial, la inteligencia artificial comienza a consolidarse como una tecnolog\u00eda con impacto directo sobre las operaciones y las decisiones empresariales.<\/p>\n<p class=\"isSelectedEnd\"><a href=\"https:\/\/www.itsitio.com\/co\/eventos\/vertiv-analizara-en-andicom-2026-los-desafios-de-infraestructura-para-escalar-la-ia\/\"><strong>ANDICOM<\/strong><\/a> 2026 busca reflejar justamente ese cambio. La agenda pone el foco en c\u00f3mo las organizaciones pueden incorporar IA generativa, sistemas aut\u00f3nomos y nuevas capacidades de automatizaci\u00f3n dentro de sus procesos cotidianos.<\/p>\n<p class=\"isSelectedEnd\"><strong>Mario Casta\u00f1o, director t\u00e9cnico de CINTEL<\/strong>, explic\u00f3 que <em>\u201cla conversaci\u00f3n sobre inteligencia artificial evolucion\u00f3\u201d<\/em>. Las empresas, se\u00f1al\u00f3 la organizaci\u00f3n, est\u00e1n pasando de preguntarse qu\u00e9 puede hacer esta tecnolog\u00eda a analizar c\u00f3mo aprovecharla para aumentar su competitividad y mejorar la toma de decisiones.<\/p>\n<p class=\"isSelectedEnd\">Este escenario tambi\u00e9n plantea nuevas exigencias. Para escalar la IA no alcanza con implementar herramientas: se necesitan datos confiables, infraestructura tecnol\u00f3gica, conectividad, seguridad y una estrategia de adopci\u00f3n alineada con los objetivos del negocio.<\/p>\n<figure id=\"attachment_180828\" aria-describedby=\"caption-attachment-180828\" style=\"width: 1200px\" class=\"wp-caption alignnone\"><img fetchpriority=\"high\" decoding=\"async\" class=\"size-full wp-image-180828\" src=\"https:\/\/www.itsitio.com\/co\/wp-content\/uploads\/sites\/4\/2026\/09\/La-agenda-de-ANDICOM.jpg\" alt=\"La agenda de ANDICOM conecta inteligencia artificial con infraestructura, ciberseguridad y regulaci\u00f3n, cuatro dimensiones que resultan clave para escalar la transformaci\u00f3n digital de forma sostenible.\" width=\"1200\" height=\"720\" srcset=\"https:\/\/www.itsitio.com\/co\/wp-content\/uploads\/sites\/4\/2026\/09\/La-agenda-de-ANDICOM.jpg 1200w, https:\/\/www.itsitio.com\/co\/wp-content\/uploads\/sites\/4\/2026\/09\/La-agenda-de-ANDICOM-300x180.jpg 300w, https:\/\/www.itsitio.com\/co\/wp-content\/uploads\/sites\/4\/2026\/09\/La-agenda-de-ANDICOM-1024x614.jpg 1024w, https:\/\/www.itsitio.com\/co\/wp-content\/uploads\/sites\/4\/2026\/09\/La-agenda-de-ANDICOM-768x461.jpg 768w\" sizes=\"(max-width: 1200px) 100vw, 1200px\" \/><figcaption id=\"caption-attachment-180828\" class=\"wp-caption-text\">La agenda de ANDICOM conecta inteligencia artificial con infraestructura, ciberseguridad y regulaci\u00f3n, cuatro dimensiones que resultan clave para escalar la transformaci\u00f3n digital de forma sostenible.<\/figcaption><\/figure>\n<h2><span style=\"color: #333399;\">Los cuatro ejes de ANDICOM 2026<\/span><\/h2>\n<p class=\"isSelectedEnd\">La inteligencia artificial funciona como hilo conductor del Congreso, pero la agenda se organiza alrededor de cuatro grandes \u00e1reas que est\u00e1n cada vez m\u00e1s relacionadas entre s\u00ed.<\/p>\n<p class=\"isSelectedEnd\">El primer eje es la <strong>Inteligencia Artificial<\/strong>, con especial atenci\u00f3n a la IA generativa, Agentic AI y su incorporaci\u00f3n en operaciones, modelos de negocio y procesos de toma de decisiones.<\/p>\n<p class=\"isSelectedEnd\">La <strong>ciberseguridad y la confianza digital<\/strong> conforman otro de los grandes temas. A medida que aumenta la automatizaci\u00f3n y las empresas dependen m\u00e1s de los datos, gestionar los riesgos y proteger las operaciones se vuelve una condici\u00f3n necesaria para acelerar la transformaci\u00f3n digital.<\/p>\n<p class=\"isSelectedEnd\">La agenda tambi\u00e9n aborda la <strong>conectividad y la infraestructura tecnol\u00f3gica<\/strong>. Redes avanzadas, centros de datos, nube y otras plataformas son la base que permitir\u00e1 soportar nuevas aplicaciones, servicios digitales y cargas de trabajo asociadas a la inteligencia artificial.<\/p>\n<p class=\"isSelectedEnd\">El cuarto eje corresponde a la <strong>pol\u00edtica p\u00fablica y la regulaci\u00f3n<\/strong>, con debates sobre gobernanza, estrategias digitales y marcos normativos capaces de acompa\u00f1ar la innovaci\u00f3n y, al mismo tiempo, promover un ecosistema seguro, responsable y equitativo.<\/p>\n<figure id=\"attachment_180830\" aria-describedby=\"caption-attachment-180830\" style=\"width: 1200px\" class=\"wp-caption alignnone\"><img decoding=\"async\" class=\"size-full wp-image-180830\" src=\"https:\/\/www.itsitio.com\/co\/wp-content\/uploads\/sites\/4\/2026\/09\/El-Knowledge-Hub-abrio-ANDICOM-2026-el-1-de-septiembre-con-sesiones-centradas-en-casos-de-uso-aplicaciones-empresariales-gobernanza-de-agentes-de-IA-y-nuevos-desafios-de-ciberseguridad.jpg\" alt=\"El Knowledge Hub abri\u00f3 ANDICOM 2026 el 1 de septiembre con sesiones centradas en casos de uso, aplicaciones empresariales, gobernanza de agentes de IA y nuevos desaf\u00edos de ciberseguridad.\" width=\"1200\" height=\"856\" srcset=\"https:\/\/www.itsitio.com\/co\/wp-content\/uploads\/sites\/4\/2026\/09\/El-Knowledge-Hub-abrio-ANDICOM-2026-el-1-de-septiembre-con-sesiones-centradas-en-casos-de-uso-aplicaciones-empresariales-gobernanza-de-agentes-de-IA-y-nuevos-desafios-de-ciberseguridad.jpg 1200w, https:\/\/www.itsitio.com\/co\/wp-content\/uploads\/sites\/4\/2026\/09\/El-Knowledge-Hub-abrio-ANDICOM-2026-el-1-de-septiembre-con-sesiones-centradas-en-casos-de-uso-aplicaciones-empresariales-gobernanza-de-agentes-de-IA-y-nuevos-desafios-de-ciberseguridad-300x214.jpg 300w, https:\/\/www.itsitio.com\/co\/wp-content\/uploads\/sites\/4\/2026\/09\/El-Knowledge-Hub-abrio-ANDICOM-2026-el-1-de-septiembre-con-sesiones-centradas-en-casos-de-uso-aplicaciones-empresariales-gobernanza-de-agentes-de-IA-y-nuevos-desafios-de-ciberseguridad-1024x730.jpg 1024w, https:\/\/www.itsitio.com\/co\/wp-content\/uploads\/sites\/4\/2026\/09\/El-Knowledge-Hub-abrio-ANDICOM-2026-el-1-de-septiembre-con-sesiones-centradas-en-casos-de-uso-aplicaciones-empresariales-gobernanza-de-agentes-de-IA-y-nuevos-desafios-de-ciberseguridad-768x548.jpg 768w\" sizes=\"(max-width: 1200px) 100vw, 1200px\" \/><figcaption id=\"caption-attachment-180830\" class=\"wp-caption-text\">El Knowledge Hub abri\u00f3 ANDICOM 2026 el 1 de septiembre con sesiones centradas en casos de uso, aplicaciones empresariales, gobernanza de agentes de IA y nuevos desaf\u00edos de ciberseguridad.<\/figcaption><\/figure>\n<h2><span style=\"color: #333399;\">De la tecnolog\u00eda a los negocios<\/span><\/h2>\n<p class=\"isSelectedEnd\">Uno de los objetivos de ANDICOM 2026 es conectar estos desarrollos tecnol\u00f3gicos con sus aplicaciones en la econom\u00eda real.<\/p>\n<p class=\"isSelectedEnd\">Durante las jornadas se analizar\u00e1n casos vinculados con sectores como telecomunicaciones, energ\u00eda, salud, servicios financieros y manufactura, adem\u00e1s del impacto que tendr\u00e1n la automatizaci\u00f3n y los nuevos sistemas inteligentes sobre el talento y el futuro del trabajo.<\/p>\n<p class=\"isSelectedEnd\">El evento tambi\u00e9n re\u00fane a referentes y especialistas relacionados con compa\u00f1\u00edas como <strong>Google Cloud, Microsoft, Fortinet, HPE, Zoho Corporation y Blend360<\/strong>, entre otras organizaciones del ecosistema tecnol\u00f3gico.<\/p>\n<p class=\"isSelectedEnd\">A esto se suma la participaci\u00f3n de la <strong>Uni\u00f3n Europea como invitada de honor<\/strong>, una novedad de esta edici\u00f3n que busca fortalecer el intercambio entre Colombia, Am\u00e9rica Latina y Europa en \u00e1reas como innovaci\u00f3n, inversi\u00f3n, inteligencia artificial responsable y gobierno digital.<\/p>\n<p class=\"isSelectedEnd\">Seg\u00fan la organizaci\u00f3n, ANDICOM 2026 espera reunir a <strong>m\u00e1s de 6.200 asistentes de m\u00e1s de 35 pa\u00edses<\/strong>, entre ejecutivos, empresas tecnol\u00f3gicas, representantes del sector p\u00fablico y especialistas.<\/p>\n<h2><span style=\"color: #333399;\">Un debate que va m\u00e1s all\u00e1 de la inteligencia artificial<\/span><\/h2>\n<p class=\"isSelectedEnd\">Aunque la IA domina buena parte de la agenda, el mensaje de esta edici\u00f3n apunta a una transformaci\u00f3n mucho m\u00e1s amplia.<\/p>\n<p class=\"isSelectedEnd\">Para aprovechar verdaderamente estas tecnolog\u00edas, las empresas necesitar\u00e1n combinar inteligencia artificial con infraestructura, conectividad, ciberseguridad, talento y modelos adecuados de gobernanza.<\/p>\n<p>Hasta el <strong>4 de septiembre<\/strong>, Cartagena ser\u00e1 el escenario de una conversaci\u00f3n que busca responder uno de los principales interrogantes del sector tecnol\u00f3gico actual: c\u00f3mo transformar el enorme potencial de la inteligencia artificial en <strong>valor concreto para las empresas, las instituciones y la sociedad<\/strong>.<\/p>\n","protected":false},"excerpt":{"rendered":"<p>La 41.\u00aa edici\u00f3n del encuentro tecnol\u00f3gico comenz\u00f3 en Cartagena de Indias con una agenda enfocada en c\u00f3mo llevar la inteligencia artificial a los negocios, la productividad y el desarrollo econ\u00f3mico.<\/p>\n","protected":false},"author":223,"featured_media":180832,"comment_status":"closed","ping_status":"closed","sticky":false,"template":"","format":"standard","meta":{"site-sidebar-layout":"default","site-content-layout":"","ast-site-content-layout":"default","site-content-style":"default","site-sidebar-style":"default","ast-global-header-display":"","ast-banner-title-visibility":"","ast-main-header-display":"","ast-hfb-above-header-display":"","ast-hfb-below-header-display":"","ast-hfb-mobile-header-display":"","site-post-title":"","ast-breadcrumbs-content":"","ast-featured-img":"","footer-sml-layout":"","ast-disable-related-posts":"","theme-transparent-header-meta":"default","adv-header-id-meta":"","stick-header-meta":"","header-above-stick-meta":"","header-main-stick-meta":"","header-below-stick-meta":"","astra-migrate-meta-layouts":"set","ast-page-background-enabled":"default","ast-page-background-meta":{"desktop":{"background-color":"var(--ast-global-color-4)","background-image":"","background-repeat":"repeat","background-position":"center center","background-size":"auto","background-attachment":"scroll","background-type":"","background-media":"","overlay-type":"","overlay-color":"","overlay-opacity":"","overlay-gradient":""},"tablet":{"background-color":"","background-image":"","background-repeat":"repeat","background-position":"center center","background-size":"auto","background-attachment":"scroll","background-type":"","background-media":"","overlay-type":"","overlay-color":"","overlay-opacity":"","overlay-gradient":""},"mobile":{"background-color":"","background-image":"","background-repeat":"repeat","background-position":"center center","background-size":"auto","background-attachment":"scroll","background-type":"","background-media":"","overlay-type":"","overlay-color":"","overlay-opacity":"","overlay-gradient":""}},"ast-content-background-meta":{"desktop":{"background-color":"var(--ast-global-color-5)","background-image":"","background-repeat":"repeat","background-position":"center center","background-size":"auto","background-attachment":"scroll","background-type":"","background-media":"","overlay-type":"","overlay-color":"","overlay-opacity":"","overlay-gradient":""},"tablet":{"background-color":"var(--ast-global-color-5)","background-image":"","background-repeat":"repeat","background-position":"center center","background-size":"auto","background-attachment":"scroll","background-type":"","background-media":"","overlay-type":"","overlay-color":"","overlay-opacity":"","overlay-gradient":""},"mobile":{"background-color":"var(--ast-global-color-5)","background-image":"","background-repeat":"repeat","background-position":"center center","background-size":"auto","background-attachment":"scroll","background-type":"","background-media":"","overlay-type":"","overlay-color":"","overlay-opacity":"","overlay-gradient":""}},"footnotes":""},"categories":[63],"tags":[210,143],"class_list":["post-180826","post","type-post","status-publish","format-standard","has-post-thumbnail","hentry","category-eventos","tag-andicom","tag-cintel"],"_links":{"self":[{"href":"https:\/\/www.itsitio.com\/co\/wp-json\/wp\/v2\/posts\/180826","targetHints":{"allow":["GET"]}}],"collection":[{"href":"https:\/\/www.itsitio.com\/co\/wp-json\/wp\/v2\/posts"}],"about":[{"href":"https:\/\/www.itsitio.com\/co\/wp-json\/wp\/v2\/types\/post"}],"author":[{"embeddable":true,"href":"https:\/\/www.itsitio.com\/co\/wp-json\/wp\/v2\/users\/223"}],"replies":[{"embeddable":true,"href":"https:\/\/www.itsitio.com\/co\/wp-json\/wp\/v2\/comments?post=180826"}],"version-history":[{"count":1,"href":"https:\/\/www.itsitio.com\/co\/wp-json\/wp\/v2\/posts\/180826\/revisions"}],"predecessor-version":[{"id":180834,"href":"https:\/\/www.itsitio.com\/co\/wp-json\/wp\/v2\/posts\/180826\/revisions\/180834"}],"wp:featuredmedia":[{"embeddable":true,"href":"https:\/\/www.itsitio.com\/co\/wp-json\/wp\/v2\/media\/180832"}],"wp:attachment":[{"href":"https:\/\/www.itsitio.com\/co\/wp-json\/wp\/v2\/media?parent=180826"}],"wp:term":[{"taxonomy":"category","embeddable":true,"href":"https:\/\/www.itsitio.com\/co\/wp-json\/wp\/v2\/categories?post=180826"},{"taxonomy":"post_tag","embeddable":true,"href":"https:\/\/www.itsitio.com\/co\/wp-json\/wp\/v2\/tags?post=180826"}],"curies":[{"name":"wp","href":"https:\/\/api.w.org\/{rel}","templated":true}]}}