{"id":177534,"date":"2025-05-22T16:29:23","date_gmt":"2025-05-22T19:29:23","guid":{"rendered":"https:\/\/nuevoitsitio1.wpenginepowered.com\/co\/sin-categoria\/ecommerce-day-colombia-digital-commerce\/"},"modified":"2025-11-21T21:22:19","modified_gmt":"2025-11-22T00:22:19","slug":"ecommerce-day-colombia-digital-commerce","status":"publish","type":"post","link":"https:\/\/www.itsitio.com\/co\/eventos\/ecommerce-day-colombia-digital-commerce\/","title":{"rendered":"eCommerce Day Colombia: el evento clave del digital commerce reuni\u00f3 a m\u00e1s de 1.600 asistentes"},"content":{"rendered":"<p>El <strong>eCommerce Day Colombia<\/strong> se celebr\u00f3 con gran \u00e9xito, reuniendo a una destacada comunidad de profesionales del sector. <strong>M\u00e1s de 1.600 asistentes y m\u00e1s de 65 speakers<\/strong>, tanto nacionales como internacionales, participaron en esta edici\u00f3n, compartiendo conocimientos, experiencias y casos de \u00e9xito que contribuyen al crecimiento y la profesionalizaci\u00f3n de la industria.<\/p>\n<p>En un formato h\u00edbrido, el evento fue organizado por el eCommerce Institute en conjunto con la C\u00e1mara Colombiana de Comercio Electr\u00f3nico (CCCE), <strong>logrando convocar a 2.350 profesionales registrados durante los tres d\u00edas de actividades<\/strong>.<\/p>\n<p><em>&#8220;Lo que vivimos en esta 16\u00aa edici\u00f3n del eCommerce Day Colombia es una confirmaci\u00f3n de algo que estamos construyendo hace a\u00f1os: Colombia ya no es una promesa digital, es una realidad potente que impacta profundamente en la econom\u00eda nacional. Los m\u00e1s de 27 billones de pesos transaccionados en el primer trimestre del a\u00f1o, el crecimiento del 16,4% en ventas online y el peso de los canales digitales, que ya representa m\u00e1s del 32% del PIB del sector comercio, reflejan el enorme trabajo de sus escuder\u00edas digitales&#8221;<\/em>, comenta <strong>Marcos Pueyrredon, Presidente del eCommerce Institute y Co-Founder &amp; Global Executive SVP de VTEX<\/strong>.<\/p>\n<figure id=\"attachment_177540\" aria-describedby=\"caption-attachment-177540\" style=\"width: 1200px\" class=\"wp-caption alignnone\"><img fetchpriority=\"high\" decoding=\"async\" class=\"size-full wp-image-177540\" src=\"https:\/\/www.itsitio.com\/co\/wp-content\/uploads\/sites\/5\/2025\/05\/Expertos-compartieron-analisis-sobre-el-consumidor-omnicanal-y-las-principales-tendencias-del-comercio-digital-en-America-Latina.webp\" alt=\"Expertos compartieron an\u00e1lisis sobre el consumidor omnicanal y las principales tendencias del comercio digital en Am\u00e9rica Latina.\" width=\"1200\" height=\"720\" srcset=\"https:\/\/www.itsitio.com\/co\/wp-content\/uploads\/sites\/4\/2025\/05\/Expertos-compartieron-analisis-sobre-el-consumidor-omnicanal-y-las-principales-tendencias-del-comercio-digital-en-America-Latina.webp 1200w, https:\/\/www.itsitio.com\/co\/wp-content\/uploads\/sites\/4\/2025\/05\/Expertos-compartieron-analisis-sobre-el-consumidor-omnicanal-y-las-principales-tendencias-del-comercio-digital-en-America-Latina-300x180.webp 300w, https:\/\/www.itsitio.com\/co\/wp-content\/uploads\/sites\/4\/2025\/05\/Expertos-compartieron-analisis-sobre-el-consumidor-omnicanal-y-las-principales-tendencias-del-comercio-digital-en-America-Latina-1024x614.webp 1024w, https:\/\/www.itsitio.com\/co\/wp-content\/uploads\/sites\/4\/2025\/05\/Expertos-compartieron-analisis-sobre-el-consumidor-omnicanal-y-las-principales-tendencias-del-comercio-digital-en-America-Latina-768x461.webp 768w\" sizes=\"(max-width: 1200px) 100vw, 1200px\" \/><figcaption id=\"caption-attachment-177540\" class=\"wp-caption-text\">Expertos compartieron an\u00e1lisis sobre el consumidor omnicanal y las principales tendencias del comercio digital en Am\u00e9rica Latina.<\/figcaption><\/figure>\n<p>Y agrega: <em>&#8220;Pero lo m\u00e1s inspirador no son los n\u00fameros, sino el compromiso del ecosistema colombiano con la profesionalizaci\u00f3n, la innovaci\u00f3n aplicada y la transformaci\u00f3n real de los negocios. Vimos casos concretos donde la inteligencia artificial dej\u00f3 de ser un discurso para convertirse en el m\u00fasculo operativo. Y eso es lo que celebramos: un ecosistema que no solo evoluciona, sino que lidera y marca el paso para el resto de la regi\u00f3n&#8221;<\/em>.<\/p>\n<p>Durante el evento, se analizaron las <strong>principales tendencias del comercio digital en Am\u00e9rica Latina y el Caribe<\/strong>, con una mirada integral que combin\u00f3 el diagn\u00f3stico del presente con proyecciones sobre el futuro de la industria en la regi\u00f3n. Entre los especialistas destacados, <strong>Ginna Marcela Rodr\u00edguez Guti\u00e9rrez, Retail Vertical Director en NielsenIQ<\/strong>, comparti\u00f3 una visi\u00f3n estrat\u00e9gica basada en datos, aportando valiosas perspectivas sobre la evoluci\u00f3n y los desaf\u00edos del ecosistema digital.<br \/>\nA modo general, se destac\u00f3:<\/p>\n<ul>\n<li>El consumidor omnicanal es una realidad. En Am\u00e9rica Latina el <strong>53% de los compradores exploran distintas tiendas y canales online<\/strong> en busca del mejor equilibrio entre precio, promociones y variedad.<\/li>\n<li>En Colombia, el canal eCommerce pesa <strong>6,9% creciendo +6%<\/strong> en el cierre de \u00faltimo a\u00f1o<\/li>\n<li>El crecimiento transversal en ventas valor para el canal online en el mercado Colombiano fue del m\u00e1s del 7,8%.<\/li>\n<li>El negocio del <strong>FMCG est\u00e1 impulsando su crecimiento online<\/strong> en categor\u00edas como quesos, carnes fr\u00edas, pasabocas; mientras que en T&amp;D, se destacan sectores de IT y L\u00ednea Blanca.<\/li>\n<li>Se estima que, durante 2025, la <strong>generaci\u00f3n Z constituir\u00e1 el 27% de la fuerza laboral<\/strong>, la primera generaci\u00f3n criada completamente en un mundo digital.<\/li>\n<li>M\u00e1s del <strong>20% del gasto en LATAM viene de la generaci\u00f3n Z<\/strong>, adem\u00e1s de ser la generaci\u00f3n que m\u00e1s crecer\u00e1 en los pr\u00f3ximos 5 a\u00f1os.<\/li>\n<\/ul>\n<figure id=\"attachment_177538\" aria-describedby=\"caption-attachment-177538\" style=\"width: 1200px\" class=\"wp-caption alignnone\"><img decoding=\"async\" class=\"size-full wp-image-177538\" src=\"https:\/\/www.itsitio.com\/co\/wp-content\/uploads\/sites\/5\/2025\/05\/Con-mas-de-65-speakers-internacionales-y-nacionales-el-evento-brindo-valiosas-perspectivas-sobre-las-tendencias-y-desafios-del-comercio-electronico-en-la-region.webp\" alt=\"Con m\u00e1s de 65 speakers internacionales y nacionales, el evento brind\u00f3 valiosas perspectivas sobre las tendencias y desaf\u00edos del comercio electr\u00f3nico en la regi\u00f3n.\" width=\"1200\" height=\"720\" srcset=\"https:\/\/www.itsitio.com\/co\/wp-content\/uploads\/sites\/4\/2025\/05\/Con-mas-de-65-speakers-internacionales-y-nacionales-el-evento-brindo-valiosas-perspectivas-sobre-las-tendencias-y-desafios-del-comercio-electronico-en-la-region.webp 1200w, https:\/\/www.itsitio.com\/co\/wp-content\/uploads\/sites\/4\/2025\/05\/Con-mas-de-65-speakers-internacionales-y-nacionales-el-evento-brindo-valiosas-perspectivas-sobre-las-tendencias-y-desafios-del-comercio-electronico-en-la-region-300x180.webp 300w, https:\/\/www.itsitio.com\/co\/wp-content\/uploads\/sites\/4\/2025\/05\/Con-mas-de-65-speakers-internacionales-y-nacionales-el-evento-brindo-valiosas-perspectivas-sobre-las-tendencias-y-desafios-del-comercio-electronico-en-la-region-1024x614.webp 1024w, https:\/\/www.itsitio.com\/co\/wp-content\/uploads\/sites\/4\/2025\/05\/Con-mas-de-65-speakers-internacionales-y-nacionales-el-evento-brindo-valiosas-perspectivas-sobre-las-tendencias-y-desafios-del-comercio-electronico-en-la-region-768x461.webp 768w\" sizes=\"(max-width: 1200px) 100vw, 1200px\" \/><figcaption id=\"caption-attachment-177538\" class=\"wp-caption-text\">Con m\u00e1s de 65 speakers internacionales y nacionales, el evento brind\u00f3 valiosas perspectivas sobre las tendencias y desaf\u00edos del comercio electr\u00f3nico en la regi\u00f3n.<\/figcaption><\/figure>\n<p>Este a\u00f1o, el eCommerce Institute celebra dos d\u00e9cadas impulsando el desarrollo del ecosistema digital en Am\u00e9rica Latina. En el marco de este aniversario, se promovi\u00f3 una transformaci\u00f3n digital genuina, centrada en la generaci\u00f3n de valor a trav\u00e9s de la innovaci\u00f3n, la colaboraci\u00f3n y la integraci\u00f3n de la inteligencia artificial.<\/p>\n<p>Como parte de esta visi\u00f3n, se present\u00f3 el libro vivo <em><strong>\u201cG\u00e9nesis de un futuro digital: una historia colaborativa con IA aumentada\u201d<\/strong><\/em>, una obra interactiva y multimedia que invita a vivir la lectura como una experiencia inmersiva. Construida <strong>a partir de m\u00e1s de 150 entrevistas<\/strong>, esta publicaci\u00f3n fusiona el conocimiento colectivo con el potencial de la inteligencia artificial aumentada, brindando una mirada profunda y din\u00e1mica sobre la evoluci\u00f3n del comercio digital en la regi\u00f3n.<\/p>\n<h2><span style=\"color: #333399;\">Las empresas dejan huella en el ecosistema digital fueron reconocidas<\/span><\/h2>\n<p>Se entregaron los eCommerce Awards Colombia 2025: El eCommerce Award fue creado para distinguir a las empresas por su labor en la industria del comercio digital y los negocios por Internet. Los ganadores de la edici\u00f3n 2025 en Colombia fueron:<\/p>\n<figure id=\"attachment_177412\" aria-describedby=\"caption-attachment-177412\" style=\"width: 1200px\" class=\"wp-caption alignnone\"><img decoding=\"async\" class=\"size-full wp-image-177412\" src=\"https:\/\/www.itsitio.com\/co\/wp-content\/uploads\/sites\/5\/2025\/04\/eDay-Colombia-2025-e1745851548595.webp\" alt=\"Con una agenda que abarca desde IA aplicada hasta comercio unificado, el eCommerce Day Colombia 2025 busca transformar el ecosistema digital del pa\u00eds.\" width=\"1200\" height=\"582\" srcset=\"https:\/\/www.itsitio.com\/co\/wp-content\/uploads\/sites\/4\/2025\/04\/eDay-Colombia-2025-e1745851548595.webp 1200w, https:\/\/www.itsitio.com\/co\/wp-content\/uploads\/sites\/4\/2025\/04\/eDay-Colombia-2025-e1745851548595-300x146.webp 300w, https:\/\/www.itsitio.com\/co\/wp-content\/uploads\/sites\/4\/2025\/04\/eDay-Colombia-2025-e1745851548595-1024x497.webp 1024w, https:\/\/www.itsitio.com\/co\/wp-content\/uploads\/sites\/4\/2025\/04\/eDay-Colombia-2025-e1745851548595-768x372.webp 768w\" sizes=\"(max-width: 1200px) 100vw, 1200px\" \/><figcaption id=\"caption-attachment-177412\" class=\"wp-caption-text\">Con una agenda que abarca desde IA aplicada hasta comercio unificado, el <a href=\"https:\/\/ecommerceday.co\/2025\/\" target=\"_blank\" rel=\"noopener\">eCommerce Day Colombia 2025<\/a> busca transformar el ecosistema digital del pa\u00eds.<\/figcaption><\/figure>\n<ul>\n<li>Industria Retail: B2B &amp; D2C &#8211; <strong>Alpina www.alpina.com<\/strong><\/li>\n<li>Industria Retail: Kids &amp; Entretenimiento &#8211; <strong>Offcors www.offcorss.com<\/strong><\/li>\n<li>Industria Retail: Pharma &amp; Beauty &#8211; <strong>Farmatodo www.farmatodo.com.co<\/strong><\/li>\n<li>Industria Retail: Grocery &amp; Foods &#8211; <strong>\u00c9xito www.exito.com<\/strong><\/li>\n<li>Industria Retail: Techno &amp; Electro &#8211; <strong>Alkosto www.alkosto.com<\/strong><\/li>\n<li>Industria Retail: Home &amp; Deco &#8211; <strong>HomeCenter www.homecenter.com.co<\/strong><\/li>\n<li>Industria Retail: Fashion &amp; Style &#8211; <strong>V\u00e9lez www.velez.com.co<\/strong><\/li>\n<li>Viajes y Turismo &#8211; <strong>Avianca www.avianca.com<\/strong><\/li>\n<li>Servicios Financieros, Banca Online &amp; Fintech &#8211; <strong>Nu Colombia www.nu.com.co<\/strong><\/li>\n<li>Marketplaces, Superapps &amp; Retail Media &#8211; <strong>Puntos Colombia www.puntoscolombia.com<\/strong><\/li>\n<li>Log\u00edstica, Fulfillment y Tecnolog\u00eda &#8211; <strong>Senvientrega www.servientrega.com<\/strong><\/li>\n<li>Inteligencia Artificial y Marketing &#8211; <strong>icomm www.icommkt.com<\/strong><\/li>\n<li>Plataformas de Comercio Unificado &#8211; <strong>Wompi www.wompi.com<\/strong><\/li>\n<li>Mobile &amp; InStore &#8211; <strong>Mercado Libre www.mercadolibre.com.co<\/strong><\/li>\n<li>Triple Impacto en el Ecosistema Digital &#8211; <strong>Lili Pink www.lilipink.com<\/strong><\/li>\n<li>Mejor Agencia de Digital Commerce &#8211; <strong>Jump Digital www.jumpdigital.co<\/strong><\/li>\n<li>Mejor Pyme de Digital Commerce &#8211; <strong>La Tienda del Caf\u00e9 www.latiendadelcafe.co<\/strong><\/li>\n<li>eL\u00edder del a\u00f1o &#8211; <strong>Marta Lucia Henao<\/strong><\/li>\n<\/ul>\n<p>Tambi\u00e9n fueron reconocidos los emprendedores a trav\u00e9s de la eCommerce Startup Competition, una iniciativa regional del eCommerce Institute cuyo objetivo es fomentar los emprendimientos digitales y brindar apoyo a los proyectos de Am\u00e9rica Latina en el ecosistema del digital commerce, tuvo como ganador en Colombia a <strong>Creditop, y menciones especiales para iTradiAds y Cawi<\/strong>.<\/p>\n<h3><span style=\"color: #333399;\">Leer m\u00e1s<\/span><\/h3>\n<ul>\n<li><strong><a href=\"https:\/\/www.itsitio.com\/co\/eventos\/prysmian-colombia-exzhellent-green-cable-biobasado-hecho-cana-de-azucar\/\">Prysmian lanza en Colombia Exzhellent Green: el primer cable biobasado hecho a partir de ca\u00f1a de az\u00facar<\/a><\/strong><\/li>\n<li><strong><a href=\"https:\/\/www.itsitio.com\/co\/eventos\/lenovo-partners-night-futuro-colombia\/\">Lenovo Partners Night: una noche para brindar por el futuro de la marca en Colombia<\/a><\/strong><\/li>\n<li><strong><a href=\"https:\/\/www.itsitio.com\/co\/eventos\/nexsys-connect-2025-innovacion-y-tendencias-tecnologicas-para-colombia\/\">Nexsys Connect 2025: innovaci\u00f3n y tendencias tecnol\u00f3gicas para Colombia<\/a><\/strong><\/li>\n<\/ul>\n","protected":false},"excerpt":{"rendered":"<p>El eCommerce Day Colombia se celebr&oacute; con gran &eacute;xito, reuniendo a una destacada comunidad de profesionales del sector. M&aacute;s de 1.600 asistentes y m&aacute;s de 65 speakers, tanto nacionales como internacionales, participaron en esta edici&oacute;n, compartiendo conocimientos, experiencias y casos de &eacute;xito que contribuyen al crecimiento y la profesionalizaci&oacute;n de la industria. En un formato h&iacute;brido, el evento fue organizado por el eCommerce Institute en conjunto con la C&aacute;mara Colombiana de Comercio Electr&oacute;nico (CCCE), logrando convocar a 2.350 profesionales registrados durante los tres d&iacute;as de actividades. &ldquo;Lo que vivimos en esta 16&ordf; edici&oacute;n del eCommerce Day Colombia es una confirmaci&oacute;n de algo que estamos construyendo hace a&ntilde;os: Colombia ya no es una promesa digital, es una realidad potente que impacta profundamente en la econom&iacute;a nacional. Los m&aacute;s de 27 billones de pesos transaccionados en el primer trimestre del a&ntilde;o, el crecimiento del 16,4% en ventas online y el peso de los canales digitales, que ya representa m&aacute;s del 32% del PIB del sector comercio, reflejan el enorme trabajo de sus escuder&iacute;as digitales&rdquo;, comenta Marcos Pueyrredon, Presidente del eCommerce Institute y Co-Founder &amp; Global Executive SVP de VTEX. Y agrega: &ldquo;Pero lo m&aacute;s inspirador no son los n&uacute;meros, sino el compromiso del ecosistema colombiano con la profesionalizaci&oacute;n, la innovaci&oacute;n aplicada y la transformaci&oacute;n real de los negocios. Vimos casos concretos donde la inteligencia artificial dej&oacute; de ser un discurso para convertirse en el m&uacute;sculo operativo. Y eso es lo que celebramos: un ecosistema que no solo evoluciona, sino que lidera y marca el paso para el resto de la regi&oacute;n&rdquo;. Durante el evento, se analizaron las principales tendencias del comercio digital en Am&eacute;rica Latina y el Caribe, con una mirada integral que combin&oacute; el diagn&oacute;stico del presente con proyecciones sobre el futuro de la industria en la regi&oacute;n. Entre los especialistas destacados, Ginna Marcela Rodr&iacute;guez Guti&eacute;rrez, Retail Vertical Director en NielsenIQ, comparti&oacute; una visi&oacute;n estrat&eacute;gica basada en datos, aportando valiosas perspectivas sobre la evoluci&oacute;n y los desaf&iacute;os del ecosistema digital. A modo general, se destac&oacute;: El consumidor omnicanal es una realidad. En Am&eacute;rica Latina el 53% de los compradores exploran distintas tiendas y canales online en busca del mejor equilibrio entre precio, promociones y variedad. En Colombia, el canal eCommerce pesa 6,9% creciendo +6% en el cierre de &uacute;ltimo a&ntilde;o El crecimiento transversal en ventas valor para el canal online en el mercado Colombiano fue del m&aacute;s del 7,8%. El negocio del FMCG est&aacute; impulsando su crecimiento online en categor&iacute;as como quesos, carnes fr&iacute;as, pasabocas; mientras que en T&amp;D, se destacan sectores de IT y L&iacute;nea Blanca. Se estima que, durante 2025, la generaci&oacute;n Z constituir&aacute; el 27% de la fuerza laboral, la primera generaci&oacute;n criada completamente en un mundo digital. M&aacute;s del 20% del gasto en LATAM viene de la generaci&oacute;n Z, adem&aacute;s de ser la generaci&oacute;n que m&aacute;s crecer&aacute; en los pr&oacute;ximos 5 a&ntilde;os. Este a&ntilde;o, el eCommerce Institute celebra dos d&eacute;cadas impulsando el desarrollo del ecosistema digital en Am&eacute;rica Latina. En el marco de este aniversario, se promovi&oacute; una transformaci&oacute;n digital genuina, centrada en la generaci&oacute;n de valor a trav&eacute;s de la innovaci&oacute;n, la colaboraci&oacute;n y la integraci&oacute;n de la inteligencia artificial. Como parte de esta visi&oacute;n, se present&oacute; el libro vivo &ldquo;G&eacute;nesis de un futuro digital: una historia colaborativa con IA aumentada&rdquo;, una obra interactiva y multimedia que invita a vivir la lectura como una experiencia inmersiva. Construida a partir de m&aacute;s de 150 entrevistas, esta publicaci&oacute;n fusiona el conocimiento colectivo con el potencial de la inteligencia artificial aumentada, brindando una mirada profunda y din&aacute;mica sobre la evoluci&oacute;n del comercio digital en la regi&oacute;n. Las empresas dejan huella en el ecosistema digital fueron reconocidas Se entregaron los eCommerce Awards Colombia 2025: El eCommerce Award fue creado para distinguir a las empresas por su labor en la industria del comercio digital y los negocios por Internet. Los ganadores de la edici&oacute;n 2025 en Colombia fueron: Industria Retail: B2B &amp; D2C &ndash; Alpina www.alpina.com Industria Retail: Kids &amp; Entretenimiento &ndash; Offcors www.offcorss.com Industria Retail: Pharma &amp; Beauty &ndash; Farmatodo www.farmatodo.com.co Industria Retail: Grocery &amp; Foods &ndash; &Eacute;xito www.exito.com Industria Retail: Techno &amp; Electro &ndash; Alkosto www.alkosto.com Industria Retail: Home &amp; Deco &ndash; HomeCenter www.homecenter.com.co Industria Retail: Fashion &amp; Style &ndash; V&eacute;lez www.velez.com.co Viajes y Turismo &ndash; Avianca www.avianca.com Servicios Financieros, Banca Online &amp; Fintech &ndash; Nu Colombia www.nu.com.co Marketplaces, Superapps &amp; Retail Media &ndash; Puntos Colombia www.puntoscolombia.com Log&iacute;stica, Fulfillment y Tecnolog&iacute;a &ndash; Senvientrega www.servientrega.com Inteligencia Artificial y Marketing &ndash; icomm www.icommkt.com Plataformas de Comercio Unificado &ndash; Wompi www.wompi.com Mobile &amp; InStore &ndash; Mercado Libre www.mercadolibre.com.co Triple Impacto en el Ecosistema Digital &ndash; Lili Pink www.lilipink.com Mejor Agencia de Digital Commerce &ndash; Jump Digital www.jumpdigital.co Mejor Pyme de Digital Commerce &ndash; La Tienda del Caf&eacute; www.latiendadelcafe.co eL&iacute;der del a&ntilde;o &ndash; Marta Lucia Henao Tambi&eacute;n fueron reconocidos los emprendedores a trav&eacute;s de la eCommerce Startup Competition, una iniciativa regional del eCommerce Institute cuyo objetivo es fomentar los emprendimientos digitales y brindar apoyo a los proyectos de Am&eacute;rica Latina en el ecosistema del digital commerce, tuvo como ganador en Colombia a Creditop, y menciones especiales para iTradiAds y Cawi. Leer m&aacute;s Prysmian lanza en Colombia Exzhellent Green: el primer cable biobasado hecho a partir de ca&ntilde;a de az&uacute;car Lenovo Partners Night: una noche para brindar por el futuro de la marca en Colombia Nexsys Connect 2025: innovaci&oacute;n y tendencias tecnol&oacute;gicas para Colombia<\/p>\n","protected":false},"author":229,"featured_media":177539,"comment_status":"closed","ping_status":"closed","sticky":false,"template":"","format":"standard","meta":{"site-sidebar-layout":"default","site-content-layout":"","ast-site-content-layout":"default","site-content-style":"default","site-sidebar-style":"default","ast-global-header-display":"","ast-banner-title-visibility":"","ast-main-header-display":"","ast-hfb-above-header-display":"","ast-hfb-below-header-display":"","ast-hfb-mobile-header-display":"","site-post-title":"","ast-breadcrumbs-content":"","ast-featured-img":"","footer-sml-layout":"","ast-disable-related-posts":"","theme-transparent-header-meta":"","adv-header-id-meta":"","stick-header-meta":"","header-above-stick-meta":"","header-main-stick-meta":"","header-below-stick-meta":"","astra-migrate-meta-layouts":"default","ast-page-background-enabled":"default","ast-page-background-meta":{"desktop":{"background-color":"var(--ast-global-color-4)","background-image":"","background-repeat":"repeat","background-position":"center center","background-size":"auto","background-attachment":"scroll","background-type":"","background-media":"","overlay-type":"","overlay-color":"","overlay-opacity":"","overlay-gradient":""},"tablet":{"background-color":"","background-image":"","background-repeat":"repeat","background-position":"center center","background-size":"auto","background-attachment":"scroll","background-type":"","background-media":"","overlay-type":"","overlay-color":"","overlay-opacity":"","overlay-gradient":""},"mobile":{"background-color":"","background-image":"","background-repeat":"repeat","background-position":"center center","background-size":"auto","background-attachment":"scroll","background-type":"","background-media":"","overlay-type":"","overlay-color":"","overlay-opacity":"","overlay-gradient":""}},"ast-content-background-meta":{"desktop":{"background-color":"var(--ast-global-color-5)","background-image":"","background-repeat":"repeat","background-position":"center center","background-size":"auto","background-attachment":"scroll","background-type":"","background-media":"","overlay-type":"","overlay-color":"","overlay-opacity":"","overlay-gradient":""},"tablet":{"background-color":"var(--ast-global-color-5)","background-image":"","background-repeat":"repeat","background-position":"center center","background-size":"auto","background-attachment":"scroll","background-type":"","background-media":"","overlay-type":"","overlay-color":"","overlay-opacity":"","overlay-gradient":""},"mobile":{"background-color":"var(--ast-global-color-5)","background-image":"","background-repeat":"repeat","background-position":"center center","background-size":"auto","background-attachment":"scroll","background-type":"","background-media":"","overlay-type":"","overlay-color":"","overlay-opacity":"","overlay-gradient":""}},"footnotes":""},"categories":[63],"tags":[141],"class_list":["post-177534","post","type-post","status-publish","format-standard","has-post-thumbnail","hentry","category-eventos","tag-ecommerce-institute"],"_links":{"self":[{"href":"https:\/\/www.itsitio.com\/co\/wp-json\/wp\/v2\/posts\/177534","targetHints":{"allow":["GET"]}}],"collection":[{"href":"https:\/\/www.itsitio.com\/co\/wp-json\/wp\/v2\/posts"}],"about":[{"href":"https:\/\/www.itsitio.com\/co\/wp-json\/wp\/v2\/types\/post"}],"author":[{"embeddable":true,"href":"https:\/\/www.itsitio.com\/co\/wp-json\/wp\/v2\/users\/229"}],"replies":[{"embeddable":true,"href":"https:\/\/www.itsitio.com\/co\/wp-json\/wp\/v2\/comments?post=177534"}],"version-history":[{"count":0,"href":"https:\/\/www.itsitio.com\/co\/wp-json\/wp\/v2\/posts\/177534\/revisions"}],"wp:featuredmedia":[{"embeddable":true,"href":"https:\/\/www.itsitio.com\/co\/wp-json\/wp\/v2\/media\/177539"}],"wp:attachment":[{"href":"https:\/\/www.itsitio.com\/co\/wp-json\/wp\/v2\/media?parent=177534"}],"wp:term":[{"taxonomy":"category","embeddable":true,"href":"https:\/\/www.itsitio.com\/co\/wp-json\/wp\/v2\/categories?post=177534"},{"taxonomy":"post_tag","embeddable":true,"href":"https:\/\/www.itsitio.com\/co\/wp-json\/wp\/v2\/tags?post=177534"}],"curies":[{"name":"wp","href":"https:\/\/api.w.org\/{rel}","templated":true}]}}