{"id":177382,"date":"2025-04-17T13:26:34","date_gmt":"2025-04-17T16:26:34","guid":{"rendered":"https:\/\/nuevoitsitio1.wpenginepowered.com\/co\/sin-categoria\/catalina-manrique-asume-la-direccion-general-de-sap-colombia\/"},"modified":"2025-11-21T21:22:23","modified_gmt":"2025-11-22T00:22:23","slug":"catalina-manrique-asume-la-direccion-general-de-sap-colombia","status":"publish","type":"post","link":"https:\/\/www.itsitio.com\/co\/libro-de-pases\/catalina-manrique-asume-la-direccion-general-de-sap-colombia\/","title":{"rendered":"Catalina Manrique asume la Direcci\u00f3n General de SAP Colombia"},"content":{"rendered":"<p>La multinacional alemana de tecnolog\u00eda <strong>SAP ha anunciado el nombramiento de Catalina Manrique como nueva Gerente General para Colombia<\/strong>.<\/p>\n<p>Catalina cuenta con m\u00e1s de 20 a\u00f1os de trayectoria en SAP, donde ha ocupado posiciones estrat\u00e9gicas como la direcci\u00f3n de preventas y desarrollo de negocios para Am\u00e9rica Latina, lider\u00f3 los equipos de ventas y post-ventas del portafolio de Cadena de Suministro en la Regi\u00f3n, fue responsable de Customer Engagement and Experience para SAP Am\u00e9rica Latina y, m\u00e1s recientemente, dirigi\u00f3 el equipo de Global Customer Success Management.<\/p>\n<p>Precisamente, su experiencia en algunos de los cargos m\u00e1s importantes de SAP en Am\u00e9rica Latina y a nivel global es una de sus principales fortalezas en este nuevo reto profesional. Su profundo conocimiento en \u00e1reas clave como la nube, ventas y desarrollo de negocios, satisfacci\u00f3n del cliente y gesti\u00f3n del talento humano le permitir\u00e1 seguir fortaleciendo la conexi\u00f3n entre las organizaciones y la tecnolog\u00eda, impulsando su transformaci\u00f3n digital con soluciones innovadoras.<\/p>\n<p>A lo largo de su carrera en SAP, Catalina ha demostrado c\u00f3mo la tecnolog\u00eda es un pilar fundamental en los procesos de transformaci\u00f3n empresarial. Con su amplia experiencia, asume el reto de continuar apoyando a las empresas colombianas en su proceso de digitalizaci\u00f3n y en la optimizaci\u00f3n de sus equipos de trabajo mediante la innovaci\u00f3n tecnol\u00f3gica de SAP.<\/p>\n<figure id=\"attachment_177385\" aria-describedby=\"caption-attachment-177385\" style=\"width: 1200px\" class=\"wp-caption alignnone\"><img fetchpriority=\"high\" decoding=\"async\" class=\"size-full wp-image-177385\" src=\"https:\/\/www.itsitio.com\/co\/wp-content\/uploads\/sites\/5\/2025\/04\/Catalina-Manrique-nueva-Gerente-General-de-SAP-Colombia.jpg\" alt=\"Catalina Manrique, nueva Gerente General de SAP Colombia.\" width=\"1200\" height=\"1297\" srcset=\"https:\/\/www.itsitio.com\/co\/wp-content\/uploads\/sites\/4\/2025\/04\/Catalina-Manrique-nueva-Gerente-General-de-SAP-Colombia.jpg 1200w, https:\/\/www.itsitio.com\/co\/wp-content\/uploads\/sites\/4\/2025\/04\/Catalina-Manrique-nueva-Gerente-General-de-SAP-Colombia-278x300.jpg 278w, https:\/\/www.itsitio.com\/co\/wp-content\/uploads\/sites\/4\/2025\/04\/Catalina-Manrique-nueva-Gerente-General-de-SAP-Colombia-947x1024.jpg 947w, https:\/\/www.itsitio.com\/co\/wp-content\/uploads\/sites\/4\/2025\/04\/Catalina-Manrique-nueva-Gerente-General-de-SAP-Colombia-768x830.jpg 768w\" sizes=\"(max-width: 1200px) 100vw, 1200px\" \/><figcaption id=\"caption-attachment-177385\" class=\"wp-caption-text\">Catalina Manrique, nueva Gerente General de SAP Colombia.<\/figcaption><\/figure>\n<p><em>\u201cEstoy orgullosa de liderar una operaci\u00f3n tan relevante como la de SAP en Colombia, un pa\u00eds que est\u00e1 impulsando el desarrollo tecnol\u00f3gico en la regi\u00f3n y que tiene un enorme potencial para que las organizaciones contin\u00faen creciendo, internacionaliz\u00e1ndose y haci\u00e9ndose m\u00e1s productivas y eficientes gracias a la integraci\u00f3n digital\u201d<\/em>, afirm\u00f3 Catalina Manrique, nueva Gerente General de SAP Colombia.<\/p>\n<p>Antes de su llegada a SAP, Catalina tuvo diferentes posiciones de preventa y manejo de capital humano en empresas como Schlumberger, Mercado Libre y la Federaci\u00f3n Nacional de Cafeteros.<\/p>\n<p>Con este nombramiento, SAP reafirma su compromiso con el mercado colombiano, apostando por el liderazgo local y la continua evoluci\u00f3n tecnol\u00f3gica para potenciar el crecimiento de las empresas en el pa\u00eds.<\/p>\n<h3><span style=\"color: #333399;\">Leer m\u00e1s<\/span><\/h3>\n<ul>\n<li><strong><a href=\"https:\/\/www.itsitio.com\/co\/libro-de-pases\/rayanne-goncalves-la-ciberseguridad-no-es-opcional-es-la-continuidad-del-negocio\/\">Rayanne Gon\u00e7alves: \u201cLa ciberseguridad no es opcional, es la continuidad del negocio\u201d<\/a><\/strong><\/li>\n<li><strong><a href=\"https:\/\/www.itsitio.com\/co\/libro-de-pases\/nexsys-nueva-gerente-comercial\/\">Nexsys presenta nueva gerente comercial regional<\/a><\/strong><\/li>\n<li><a href=\"https:\/\/www.itsitio.com\/co\/libro-de-pases\/noventiq-cesar-tejada-director\/\"><strong>Noventiq nombra a C\u00e9sar Tejada como nuevo director de Operaciones en Colombia<\/strong><\/a><\/li>\n<\/ul>\n","protected":false},"excerpt":{"rendered":"<p>La multinacional alemana de tecnolog&iacute;a SAP ha anunciado el nombramiento de Catalina Manrique como nueva Gerente General para Colombia. Catalina cuenta con m&aacute;s de 20 a&ntilde;os de trayectoria en SAP, donde ha ocupado posiciones estrat&eacute;gicas como la direcci&oacute;n de preventas y desarrollo de negocios para Am&eacute;rica Latina, lider&oacute; los equipos de ventas y post-ventas del portafolio de Cadena de Suministro en la Regi&oacute;n, fue responsable de Customer Engagement and Experience para SAP Am&eacute;rica Latina y, m&aacute;s recientemente, dirigi&oacute; el equipo de Global Customer Success Management. Precisamente, su experiencia en algunos de los cargos m&aacute;s importantes de SAP en Am&eacute;rica Latina y a nivel global es una de sus principales fortalezas en este nuevo reto profesional. Su profundo conocimiento en &aacute;reas clave como la nube, ventas y desarrollo de negocios, satisfacci&oacute;n del cliente y gesti&oacute;n del talento humano le permitir&aacute; seguir fortaleciendo la conexi&oacute;n entre las organizaciones y la tecnolog&iacute;a, impulsando su transformaci&oacute;n digital con soluciones innovadoras. A lo largo de su carrera en SAP, Catalina ha demostrado c&oacute;mo la tecnolog&iacute;a es un pilar fundamental en los procesos de transformaci&oacute;n empresarial. Con su amplia experiencia, asume el reto de continuar apoyando a las empresas colombianas en su proceso de digitalizaci&oacute;n y en la optimizaci&oacute;n de sus equipos de trabajo mediante la innovaci&oacute;n tecnol&oacute;gica de SAP. &ldquo;Estoy orgullosa de liderar una operaci&oacute;n tan relevante como la de SAP en Colombia, un pa&iacute;s que est&aacute; impulsando el desarrollo tecnol&oacute;gico en la regi&oacute;n y que tiene un enorme potencial para que las organizaciones contin&uacute;en creciendo, internacionaliz&aacute;ndose y haci&eacute;ndose m&aacute;s productivas y eficientes gracias a la integraci&oacute;n digital&rdquo;, afirm&oacute; Catalina Manrique, nueva Gerente General de SAP Colombia. Antes de su llegada a SAP, Catalina tuvo diferentes posiciones de preventa y manejo de capital humano en empresas como Schlumberger, Mercado Libre y la Federaci&oacute;n Nacional de Cafeteros. Con este nombramiento, SAP reafirma su compromiso con el mercado colombiano, apostando por el liderazgo local y la continua evoluci&oacute;n tecnol&oacute;gica para potenciar el crecimiento de las empresas en el pa&iacute;s. Leer m&aacute;s Rayanne Gon&ccedil;alves: &ldquo;La ciberseguridad no es opcional, es la continuidad del negocio&rdquo; Nexsys presenta nueva gerente comercial regional Noventiq nombra a C&eacute;sar Tejada como nuevo director de Operaciones en Colombia<\/p>\n","protected":false},"author":229,"featured_media":177383,"comment_status":"closed","ping_status":"closed","sticky":false,"template":"","format":"standard","meta":{"site-sidebar-layout":"default","site-content-layout":"","ast-site-content-layout":"default","site-content-style":"default","site-sidebar-style":"default","ast-global-header-display":"","ast-banner-title-visibility":"","ast-main-header-display":"","ast-hfb-above-header-display":"","ast-hfb-below-header-display":"","ast-hfb-mobile-header-display":"","site-post-title":"","ast-breadcrumbs-content":"","ast-featured-img":"","footer-sml-layout":"","ast-disable-related-posts":"","theme-transparent-header-meta":"","adv-header-id-meta":"","stick-header-meta":"","header-above-stick-meta":"","header-main-stick-meta":"","header-below-stick-meta":"","astra-migrate-meta-layouts":"default","ast-page-background-enabled":"default","ast-page-background-meta":{"desktop":{"background-color":"var(--ast-global-color-4)","background-image":"","background-repeat":"repeat","background-position":"center center","background-size":"auto","background-attachment":"scroll","background-type":"","background-media":"","overlay-type":"","overlay-color":"","overlay-opacity":"","overlay-gradient":""},"tablet":{"background-color":"","background-image":"","background-repeat":"repeat","background-position":"center center","background-size":"auto","background-attachment":"scroll","background-type":"","background-media":"","overlay-type":"","overlay-color":"","overlay-opacity":"","overlay-gradient":""},"mobile":{"background-color":"","background-image":"","background-repeat":"repeat","background-position":"center center","background-size":"auto","background-attachment":"scroll","background-type":"","background-media":"","overlay-type":"","overlay-color":"","overlay-opacity":"","overlay-gradient":""}},"ast-content-background-meta":{"desktop":{"background-color":"var(--ast-global-color-5)","background-image":"","background-repeat":"repeat","background-position":"center center","background-size":"auto","background-attachment":"scroll","background-type":"","background-media":"","overlay-type":"","overlay-color":"","overlay-opacity":"","overlay-gradient":""},"tablet":{"background-color":"var(--ast-global-color-5)","background-image":"","background-repeat":"repeat","background-position":"center center","background-size":"auto","background-attachment":"scroll","background-type":"","background-media":"","overlay-type":"","overlay-color":"","overlay-opacity":"","overlay-gradient":""},"mobile":{"background-color":"var(--ast-global-color-5)","background-image":"","background-repeat":"repeat","background-position":"center center","background-size":"auto","background-attachment":"scroll","background-type":"","background-media":"","overlay-type":"","overlay-color":"","overlay-opacity":"","overlay-gradient":""}},"footnotes":""},"categories":[26],"tags":[57],"class_list":["post-177382","post","type-post","status-publish","format-standard","has-post-thumbnail","hentry","category-libro-de-pases","tag-sap"],"_links":{"self":[{"href":"https:\/\/www.itsitio.com\/co\/wp-json\/wp\/v2\/posts\/177382","targetHints":{"allow":["GET"]}}],"collection":[{"href":"https:\/\/www.itsitio.com\/co\/wp-json\/wp\/v2\/posts"}],"about":[{"href":"https:\/\/www.itsitio.com\/co\/wp-json\/wp\/v2\/types\/post"}],"author":[{"embeddable":true,"href":"https:\/\/www.itsitio.com\/co\/wp-json\/wp\/v2\/users\/229"}],"replies":[{"embeddable":true,"href":"https:\/\/www.itsitio.com\/co\/wp-json\/wp\/v2\/comments?post=177382"}],"version-history":[{"count":0,"href":"https:\/\/www.itsitio.com\/co\/wp-json\/wp\/v2\/posts\/177382\/revisions"}],"wp:featuredmedia":[{"embeddable":true,"href":"https:\/\/www.itsitio.com\/co\/wp-json\/wp\/v2\/media\/177383"}],"wp:attachment":[{"href":"https:\/\/www.itsitio.com\/co\/wp-json\/wp\/v2\/media?parent=177382"}],"wp:term":[{"taxonomy":"category","embeddable":true,"href":"https:\/\/www.itsitio.com\/co\/wp-json\/wp\/v2\/categories?post=177382"},{"taxonomy":"post_tag","embeddable":true,"href":"https:\/\/www.itsitio.com\/co\/wp-json\/wp\/v2\/tags?post=177382"}],"curies":[{"name":"wp","href":"https:\/\/api.w.org\/{rel}","templated":true}]}}