{"id":175971,"date":"2024-07-23T16:19:26","date_gmt":"2024-07-23T19:19:26","guid":{"rendered":"https:\/\/nuevoitsitio1.wpenginepowered.com\/co\/sin-categoria\/impresistem-en-top-finance-2024\/"},"modified":"2025-11-21T21:22:48","modified_gmt":"2025-11-22T00:22:48","slug":"impresistem-en-top-finance-2024","status":"publish","type":"post","link":"https:\/\/www.itsitio.com\/co\/eventos\/impresistem-en-top-finance-2024\/","title":{"rendered":"Ante la incertidumbre la respuesta es buscar la oportunidad: este es el gran mensaje de Impresistem en TOP Finance 2024"},"content":{"rendered":"<p>En la segunda versi\u00f3n de <strong>TOP Finance<\/strong>, un evento caracterizado por el an\u00e1lisis profundo y la exploraci\u00f3n de nuevas oportunidades, Impresistem reuni\u00f3 a sus canales para analizar las perspectivas de la econom\u00eda colombiana en un entorno de alta incertidumbre. Adem\u00e1s, fue una excelente oportunidad para establecer contactos y generar nuevas interacciones con los C-Levels m\u00e1s importantes del sector.<\/p>\n<p><strong>Miguel \u00c1ngel M\u00e9ndez, CEO de <a href=\"https:\/\/www.impresistem.com\/es\/\" target=\"_blank\" rel=\"noopener\">Impresistem<\/a><\/strong>, inici\u00f3 el evento con un mensaje de gratitud hacia los asistentes, resaltando la importancia de tomarse el tiempo para ver las oportunidades y no solo las problem\u00e1ticas diarias.<\/p>\n<p><em>\u201cSer creativos, tener nuevas ideas, formas de invertir y crecer es fundamental para nosotros. Queremos potenciar el crecimiento desarrollando estos espacios para comprender los retos sin centrarnos \u00fanicamente en los problemas, sino tambi\u00e9n en las soluciones y las iniciativas&#8221;<\/em>, expres\u00f3.<\/p>\n<figure id=\"attachment_175974\" aria-describedby=\"caption-attachment-175974\" style=\"width: 1200px\" class=\"wp-caption alignnone\"><img fetchpriority=\"high\" decoding=\"async\" class=\"size-full wp-image-175974\" src=\"https:\/\/www.itsitio.com\/co\/wp-content\/uploads\/sites\/5\/2024\/07\/Miguel-angel-Mendez-e1721761119953.webp\" alt=\"Miguel \u00c1ngel M\u00e9ndez, CEO de Impresistem.\" width=\"1200\" height=\"720\" srcset=\"https:\/\/www.itsitio.com\/co\/wp-content\/uploads\/sites\/4\/2024\/07\/Miguel-angel-Mendez-e1721761119953.webp 1200w, https:\/\/www.itsitio.com\/co\/wp-content\/uploads\/sites\/4\/2024\/07\/Miguel-angel-Mendez-e1721761119953-300x180.webp 300w, https:\/\/www.itsitio.com\/co\/wp-content\/uploads\/sites\/4\/2024\/07\/Miguel-angel-Mendez-e1721761119953-1024x614.webp 1024w, https:\/\/www.itsitio.com\/co\/wp-content\/uploads\/sites\/4\/2024\/07\/Miguel-angel-Mendez-e1721761119953-768x461.webp 768w\" sizes=\"(max-width: 1200px) 100vw, 1200px\" \/><figcaption id=\"caption-attachment-175974\" class=\"wp-caption-text\">Miguel \u00c1ngel M\u00e9ndez, CEO de <a href=\"https:\/\/www.itsitio.com\/distribucion\/impresistem-recibira-2024-con-una-oferta-de-servicios-integral\/\">Impresistem<\/a>.<\/figcaption><\/figure>\n<p>Asimismo, M\u00e9ndez subray\u00f3 la importancia de una visi\u00f3n positiva y proactiva, destacando a Impresistem y sus esfuerzos por crear un ambiente que fomenta la innovaci\u00f3n y el crecimiento, buscando el \u201cComo s\u00ed\u201d para lograr los objetivos.<\/p>\n<p><em>&#8220;Nos enorgullece ser una empresa que no solo identifica problemas, sino que tambi\u00e9n busca activamente las soluciones. Este enfoque es el que nos ha permitido mantenernos a la vanguardia en un mercado tan competitivo como el nuestro&#8221;<\/em>, agreg\u00f3.<\/p>\n<h2><span style=\"color: #333399;\">Impresistem: soluciones especializadas para hacerle frente al mercado actual<\/span><\/h2>\n<p>Por su parte, <strong>Andr\u00e9s Fernando Mart\u00ednez Granja, vicepresidente de soluciones especializadas<\/strong>, profundiz\u00f3 en la estrategia de Impresistem para enfrentar los desaf\u00edos del mercado actual. <em>&#8220;Nosotros como mayoristas y facilitadores de negocios buscamos ser \u00fatiles a corto plazo y mediano plazo, yendo m\u00e1s all\u00e1 de las transacciones comerciales. La aplicaci\u00f3n de tecnolog\u00eda en los negocios es clave para apostarle a la autogesti\u00f3n y reducir la dependencia, haciendo que cada negocio sea m\u00e1s \u00e1gil&#8221;<\/em>, dijo Mart\u00ednez.<\/p>\n<figure id=\"attachment_175979\" aria-describedby=\"caption-attachment-175979\" style=\"width: 1200px\" class=\"wp-caption alignnone\"><img decoding=\"async\" class=\"size-full wp-image-175979\" src=\"https:\/\/www.itsitio.com\/co\/wp-content\/uploads\/sites\/5\/2024\/07\/top-finance-e1721761908361.webp\" alt=\"width=\" height=\"720\" srcset=\"https:\/\/www.itsitio.com\/co\/wp-content\/uploads\/sites\/4\/2024\/07\/top-finance-e1721761908361.webp 1200w, https:\/\/www.itsitio.com\/co\/wp-content\/uploads\/sites\/4\/2024\/07\/top-finance-e1721761908361-300x180.webp 300w, https:\/\/www.itsitio.com\/co\/wp-content\/uploads\/sites\/4\/2024\/07\/top-finance-e1721761908361-1024x614.webp 1024w, https:\/\/www.itsitio.com\/co\/wp-content\/uploads\/sites\/4\/2024\/07\/top-finance-e1721761908361-768x461.webp 768w\" sizes=\"(max-width: 1200px) 100vw, 1200px\" \/><figcaption id=\"caption-attachment-175979\" class=\"wp-caption-text\">I<a href=\"https:\/\/www.itsitio.com\/dispositivos\/impresistem-va-por-el-mercado-de-la-impresion-3d\/\">mpresistem<\/a> reuni\u00f3 m\u00e1s de 110 de sus clientes principales para analizar las perspectivas de la econom\u00eda colombiana en un entorno de alta incertidumbre.<\/figcaption><\/figure>\n<p>Record\u00f3 la importancia de las alianzas estrat\u00e9gicas con grandes fabricantes como Hewlett Packard Enterprise con Green Lake, Lenovo con True Scale y Dell con Apex.<\/p>\n<p><em>&#8220;Estos esfuerzos son fundamentales para nuestro proceso interno de Device as a Service (DaaS). Con m\u00e1s de 10,000 dispositivos en proceso de renovaci\u00f3n, facilitamos el negocio y acompa\u00f1amos el flujo de caja de los proyectos para ser competitivos. A largo plazo, nuestro objetivo es convertirnos en un proveedor de servicios, aunque sabemos que eso es f\u00e1cil de decir y dif\u00edcil de lograr&#8221;<\/em>, concluy\u00f3.<\/p>\n<h2><span style=\"color: #333399;\">La cultura organizacional como activo principal<\/span><\/h2>\n<p>A su vez, <strong>Carlos Andr\u00e9s Abril Figueredo, vicepresidente de Development and Growth<\/strong>, resalt\u00f3 el valor de la cultura organizacional en Impresistem. <em>&#8220;En los seis meses que llevo liderando la unidad, he visto c\u00f3mo la cultura es el mayor activo para facilitar los procesos de cambio y transformaci\u00f3n. Aprovechar estos espacios es clave para construir hitos de crecimiento y oportunidades&#8221;<\/em>, coment\u00f3 Abril.<\/p>\n<figure id=\"attachment_175972\" aria-describedby=\"caption-attachment-175972\" style=\"width: 1200px\" class=\"wp-caption alignnone\"><img decoding=\"async\" class=\"size-full wp-image-175972\" src=\"https:\/\/www.itsitio.com\/co\/wp-content\/uploads\/sites\/5\/2024\/07\/carlos-andres-abril-figueredo-e1721761239701.webp\" alt=\"width=\" height=\"720\" srcset=\"https:\/\/www.itsitio.com\/co\/wp-content\/uploads\/sites\/4\/2024\/07\/carlos-andres-abril-figueredo-e1721761239701.webp 1200w, https:\/\/www.itsitio.com\/co\/wp-content\/uploads\/sites\/4\/2024\/07\/carlos-andres-abril-figueredo-e1721761239701-300x180.webp 300w, https:\/\/www.itsitio.com\/co\/wp-content\/uploads\/sites\/4\/2024\/07\/carlos-andres-abril-figueredo-e1721761239701-1024x614.webp 1024w, https:\/\/www.itsitio.com\/co\/wp-content\/uploads\/sites\/4\/2024\/07\/carlos-andres-abril-figueredo-e1721761239701-768x461.webp 768w\" sizes=\"(max-width: 1200px) 100vw, 1200px\" \/><figcaption id=\"caption-attachment-175972\" class=\"wp-caption-text\">Carlos Andr\u00e9s Abril Figueredo, vicepresidente de Development and Growth.<\/figcaption><\/figure>\n<p>Asegur\u00f3, que las compa\u00f1\u00edas multinacionales invierten millones de d\u00f3lares en el desarrollo de cultura y clima organizacional, mientras que en Impresistem, la cultura es un activo natural que facilita el cambio.<\/p>\n<p><em>&#8220;Nuestra misi\u00f3n es liderar el IT tradicional que comprende impresi\u00f3n, suministros, c\u00f3mputo, imagen, accesorios, drones y otros, sin embargo, es importante abrazar el cambio en la comercializaci\u00f3n, porque venimos acostumbrados a industrias boyantes con transacciones importantes y, nuestro prop\u00f3sito ahora es integrar a los canales y convertirlos en la piedra angular de nuestra estrategia&#8221;<\/em>, a\u00f1adi\u00f3.<\/p>\n<h2><span style=\"color: #333399;\">Tiempos de crisis tambi\u00e9n son tiempos de oportunidad<\/span><\/h2>\n<p><strong>Iv\u00e1n Ricardo Tovar, vicepresidente de innovaci\u00f3n y movilidad<\/strong>, ofreci\u00f3 una perspectiva realista sobre los constantes desaf\u00edos econ\u00f3micos. <em>&#8220;Siempre hablamos de crisis, inflaci\u00f3n, cambios regulatorios, recesiones e incertidumbres. Sin embargo, nuestro enfoque debe ser convertir estas dificultades en oportunidades. Uno de los grandes temas es el capital de trabajo, buscando soluciones en DaaS, como renting, reducci\u00f3n de precios, productos refurbished y de marca propia&#8221;<\/em>, indic\u00f3 Tovar.<\/p>\n<figure id=\"attachment_175973\" aria-describedby=\"caption-attachment-175973\" style=\"width: 1200px\" class=\"wp-caption alignnone\"><img decoding=\"async\" class=\"size-full wp-image-175973\" src=\"https:\/\/www.itsitio.com\/co\/wp-content\/uploads\/sites\/5\/2024\/07\/ivan-ricardo-tovar-e1721761293605.webp\" alt=\"width=\" height=\"720\" srcset=\"https:\/\/www.itsitio.com\/co\/wp-content\/uploads\/sites\/4\/2024\/07\/ivan-ricardo-tovar-e1721761293605.webp 1200w, https:\/\/www.itsitio.com\/co\/wp-content\/uploads\/sites\/4\/2024\/07\/ivan-ricardo-tovar-e1721761293605-300x180.webp 300w, https:\/\/www.itsitio.com\/co\/wp-content\/uploads\/sites\/4\/2024\/07\/ivan-ricardo-tovar-e1721761293605-1024x614.webp 1024w, https:\/\/www.itsitio.com\/co\/wp-content\/uploads\/sites\/4\/2024\/07\/ivan-ricardo-tovar-e1721761293605-768x461.webp 768w\" sizes=\"(max-width: 1200px) 100vw, 1200px\" \/><figcaption id=\"caption-attachment-175973\" class=\"wp-caption-text\">Iv\u00e1n Ricardo Tovar, vicepresidente de innovaci\u00f3n y movilidad.<\/figcaption><\/figure>\n<p>Subray\u00f3, que la innovaci\u00f3n y la adaptabilidad son claves para el \u00e9xito en un entorno tan vol\u00e1til. <em>&#8220;Ofrecemos alternativas financieras y servicios log\u00edsticos, dise\u00f1o de procesos renting, soporte en los registros de plataformas de todas las marcas, y soluciones de extensi\u00f3n de garant\u00edas. La personalizaci\u00f3n de productos con marca propia y la movilidad son aspectos en los que estamos invirtiendo para mejorar nuestra oferta y acompa\u00f1ar el flujo de caja de los proyectos&#8221;<\/em>, agreg\u00f3.<\/p>\n<h2><span style=\"color: #333399;\">Gesti\u00f3n financiera integral<\/span><\/h2>\n<p>Durante su presentaci\u00f3n, <strong>Olga Luc\u00eda Romero, Chief Financial Officer, y Mayreth Galvis, directora financiera<\/strong>, abordaron los aspectos cruciales de la gesti\u00f3n financiera en Impresistem. Romero resalt\u00f3 la importancia de la divisi\u00f3n contable y de impuestos, las operaciones de la compa\u00f1\u00eda, los activos operativos frente a los fabricantes y la divisi\u00f3n financiera con cr\u00e9dito, cartera y tesorer\u00eda. <em>&#8220;Buscamos potenciar el crecimiento de clientes, colaboradores y operadores con m\u00e1s de 120 l\u00edneas de productos, representando m\u00e1s de 50 marcas. Queremos ser un facilitador de los negocios, buscando soluciones adecuadas para cada requerimiento&#8221;<\/em>, explic\u00f3 Romero.<\/p>\n<p>Desde su perspectiva, Galvis enfatiz\u00f3 en la necesidad de acortar la brecha entre lo comercial y lo financiero. <em>&#8220;Hoy la brecha entre lo comercial y lo financiero es m\u00e1s corta. Necesitamos que los comerciales entiendan el riesgo cambiario, crediticio y de ejecuci\u00f3n en los proyectos, y nosotros, los financieros, debemos tener empat\u00eda comercial para lograr el \u201ccomo si'&#8221;<\/em>, afirm\u00f3 Galvis.<\/p>\n<figure id=\"attachment_175975\" aria-describedby=\"caption-attachment-175975\" style=\"width: 1200px\" class=\"wp-caption alignnone\"><img decoding=\"async\" class=\"size-full wp-image-175975\" src=\"https:\/\/www.itsitio.com\/co\/wp-content\/uploads\/sites\/5\/2024\/07\/olga-lucia-romero-e1721761344229.webp\" alt=\"width=\" height=\"720\" srcset=\"https:\/\/www.itsitio.com\/co\/wp-content\/uploads\/sites\/4\/2024\/07\/olga-lucia-romero-e1721761344229.webp 1200w, https:\/\/www.itsitio.com\/co\/wp-content\/uploads\/sites\/4\/2024\/07\/olga-lucia-romero-e1721761344229-300x180.webp 300w, https:\/\/www.itsitio.com\/co\/wp-content\/uploads\/sites\/4\/2024\/07\/olga-lucia-romero-e1721761344229-1024x614.webp 1024w, https:\/\/www.itsitio.com\/co\/wp-content\/uploads\/sites\/4\/2024\/07\/olga-lucia-romero-e1721761344229-768x461.webp 768w\" sizes=\"(max-width: 1200px) 100vw, 1200px\" \/><figcaption id=\"caption-attachment-175975\" class=\"wp-caption-text\">Olga Luc\u00eda Romero, Chief Financial Officer, y Mayreth Galvis, directora financiera.<\/figcaption><\/figure>\n<h2><span style=\"color: #333399;\">An\u00e1lisis de la econom\u00eda colombiana<\/span><\/h2>\n<p>Para cerrar el TOP Finance 2024, <strong>Alejandro Reyes, economista principal de BBVA Research<\/strong>, present\u00f3 un an\u00e1lisis exhaustivo de la econom\u00eda colombiana. Aunque reconoci\u00f3 los desaf\u00edos actuales, se\u00f1al\u00f3 que hay se\u00f1ales de mejora. <em>&#8220;Los indicadores muestran que estamos en un valle, iniciando la transici\u00f3n hacia un escenario m\u00e1s favorable. Una menor inflaci\u00f3n y las tasas de inter\u00e9s m\u00e1s bajas auguran un mejor futuro&#8221;<\/em>, afirm\u00f3 Reyes.<\/p>\n<p>Tambi\u00e9n anticip\u00f3 un aumento significativo en el gasto p\u00fablico en 2025, impulsado por la b\u00fasqueda de m\u00e1s recursos por parte del gobierno. <em>&#8220;Los ciclos econ\u00f3micos duran cuatro a\u00f1os y el pr\u00f3ximo a\u00f1o veremos un impulso en la inversi\u00f3n, lo que depender\u00e1 de la sensatez de los c\u00e1lculos de recaudo. El segundo semestre est\u00e1 mejorando en actividad y el recaudo en 2025 ser\u00e1 mejor, financiando as\u00ed los proyectos&#8221;<\/em>, concluy\u00f3.<\/p>\n<figure id=\"attachment_175977\" aria-describedby=\"caption-attachment-175977\" style=\"width: 1200px\" class=\"wp-caption alignnone\"><img decoding=\"async\" class=\"size-full wp-image-175977\" src=\"https:\/\/www.itsitio.com\/co\/wp-content\/uploads\/sites\/5\/2024\/07\/alejandro-reyes-e1721761730946.webp\" alt=\"width=\" height=\"720\" srcset=\"https:\/\/www.itsitio.com\/co\/wp-content\/uploads\/sites\/4\/2024\/07\/alejandro-reyes-e1721761730946.webp 1200w, https:\/\/www.itsitio.com\/co\/wp-content\/uploads\/sites\/4\/2024\/07\/alejandro-reyes-e1721761730946-300x180.webp 300w, https:\/\/www.itsitio.com\/co\/wp-content\/uploads\/sites\/4\/2024\/07\/alejandro-reyes-e1721761730946-1024x614.webp 1024w, https:\/\/www.itsitio.com\/co\/wp-content\/uploads\/sites\/4\/2024\/07\/alejandro-reyes-e1721761730946-768x461.webp 768w\" sizes=\"(max-width: 1200px) 100vw, 1200px\" \/><figcaption id=\"caption-attachment-175977\" class=\"wp-caption-text\">Alejandro Reyes, economista principal de BBVA Research.<\/figcaption><\/figure>\n<h2><span style=\"color: #333399;\">Desaf\u00edos y oportunidades<\/span><\/h2>\n<p>A lo largo del evento, se discutieron varios desaf\u00edos y oportunidades que enfrenta la econom\u00eda colombiana, entre ellos la reforma pensional, de salud y educaci\u00f3n, Reyes se\u00f1al\u00f3 que el activismo del gobierno y los cambios en los ministros indican una agenda ejecutiva m\u00e1s firme, pero esto no es necesariamente negativo. <em>&#8220;Las industrias que operan en entornos inestables est\u00e1n acostumbradas a estos cambios. Siempre hay oportunidades y debemos estar preparados para aprovecharlas&#8221;<\/em>, dijo Reyes.<\/p>\n<p>La incertidumbre econ\u00f3mica global, la inflaci\u00f3n, la tasa de cambio y las tasas de inter\u00e9s fueron otros temas abordados. A pesar de estos desaf\u00edos, Reyes expres\u00f3 un optimismo cauteloso sobre el futuro.<\/p>\n<p><em>\u201cExiste una probabilidad bastante alta de que todo va a mejorar \u00bfQu\u00e9 tan r\u00e1pido? Depende de la confianza y de muchas cosas, vemos un escenario macro econ\u00f3mico m\u00e1s favorable, los a\u00f1os que vienen ser\u00e1n mejores que los \u00faltimos dos, ideales para pensar en esos proyectos que se materializar\u00e1n en un a\u00f1o. Ese es el mensaje final, uno puede quedarse sentado a esperar que todos los astros est\u00e9n alineados para actuar, y si esperan eso probablemente les vaya bien, pero no tan bien como si aprovechan la ola y se arriesgan\u201d<\/em>, puntualiz\u00f3 el economista.<\/p>\n","protected":false},"excerpt":{"rendered":"<p>En la segunda versi&oacute;n de TOP Finance, un evento caracterizado por el an&aacute;lisis profundo y la exploraci&oacute;n de nuevas oportunidades, Impresistem reuni&oacute; a sus canales para analizar las perspectivas de la econom&iacute;a colombiana en un entorno de alta incertidumbre. Adem&aacute;s, fue una excelente oportunidad para establecer contactos y generar nuevas interacciones con los C-Levels m&aacute;s importantes del sector. Miguel &Aacute;ngel M&eacute;ndez, CEO de Impresistem, inici&oacute; el evento con un mensaje de gratitud hacia los asistentes, resaltando la importancia de tomarse el tiempo para ver las oportunidades y no solo las problem&aacute;ticas diarias. &ldquo;Ser creativos, tener nuevas ideas, formas de invertir y crecer es fundamental para nosotros. Queremos potenciar el crecimiento desarrollando estos espacios para comprender los retos sin centrarnos &uacute;nicamente en los problemas, sino tambi&eacute;n en las soluciones y las iniciativas&rdquo;, expres&oacute;. Asimismo, M&eacute;ndez subray&oacute; la importancia de una visi&oacute;n positiva y proactiva, destacando a Impresistem y sus esfuerzos por crear un ambiente que fomenta la innovaci&oacute;n y el crecimiento, buscando el &ldquo;Como s&iacute;&rdquo; para lograr los objetivos. &ldquo;Nos enorgullece ser una empresa que no solo identifica problemas, sino que tambi&eacute;n busca activamente las soluciones. Este enfoque es el que nos ha permitido mantenernos a la vanguardia en un mercado tan competitivo como el nuestro&rdquo;, agreg&oacute;. Impresistem: soluciones especializadas para hacerle frente al mercado actual Por su parte, Andr&eacute;s Fernando Mart&iacute;nez Granja, vicepresidente de soluciones especializadas, profundiz&oacute; en la estrategia de Impresistem para enfrentar los desaf&iacute;os del mercado actual. &ldquo;Nosotros como mayoristas y facilitadores de negocios buscamos ser &uacute;tiles a corto plazo y mediano plazo, yendo m&aacute;s all&aacute; de las transacciones comerciales. La aplicaci&oacute;n de tecnolog&iacute;a en los negocios es clave para apostarle a la autogesti&oacute;n y reducir la dependencia, haciendo que cada negocio sea m&aacute;s &aacute;gil&rdquo;, dijo Mart&iacute;nez. Record&oacute; la importancia de las alianzas estrat&eacute;gicas con grandes fabricantes como Hewlett Packard Enterprise con Green Lake, Lenovo con True Scale y Dell con Apex. &ldquo;Estos esfuerzos son fundamentales para nuestro proceso interno de Device as a Service (DaaS). Con m&aacute;s de 10,000 dispositivos en proceso de renovaci&oacute;n, facilitamos el negocio y acompa&ntilde;amos el flujo de caja de los proyectos para ser competitivos. A largo plazo, nuestro objetivo es convertirnos en un proveedor de servicios, aunque sabemos que eso es f&aacute;cil de decir y dif&iacute;cil de lograr&rdquo;, concluy&oacute;. La cultura organizacional como activo principal A su vez, Carlos Andr&eacute;s Abril Figueredo, vicepresidente de Development and Growth, resalt&oacute; el valor de la cultura organizacional en Impresistem. &ldquo;En los seis meses que llevo liderando la unidad, he visto c&oacute;mo la cultura es el mayor activo para facilitar los procesos de cambio y transformaci&oacute;n. Aprovechar estos espacios es clave para construir hitos de crecimiento y oportunidades&rdquo;, coment&oacute; Abril. Asegur&oacute;, que las compa&ntilde;&iacute;as multinacionales invierten millones de d&oacute;lares en el desarrollo de cultura y clima organizacional, mientras que en Impresistem, la cultura es un activo natural que facilita el cambio. &ldquo;Nuestra misi&oacute;n es liderar el IT tradicional que comprende impresi&oacute;n, suministros, c&oacute;mputo, imagen, accesorios, drones y otros, sin embargo, es importante abrazar el cambio en la comercializaci&oacute;n, porque venimos acostumbrados a industrias boyantes con transacciones importantes y, nuestro prop&oacute;sito ahora es integrar a los canales y convertirlos en la piedra angular de nuestra estrategia&rdquo;, a&ntilde;adi&oacute;. Tiempos de crisis tambi&eacute;n son tiempos de oportunidad Iv&aacute;n Ricardo Tovar, vicepresidente de innovaci&oacute;n y movilidad, ofreci&oacute; una perspectiva realista sobre los constantes desaf&iacute;os econ&oacute;micos. &ldquo;Siempre hablamos de crisis, inflaci&oacute;n, cambios regulatorios, recesiones e incertidumbres. Sin embargo, nuestro enfoque debe ser convertir estas dificultades en oportunidades. Uno de los grandes temas es el capital de trabajo, buscando soluciones en DaaS, como renting, reducci&oacute;n de precios, productos refurbished y de marca propia&rdquo;, indic&oacute; Tovar. Subray&oacute;, que la innovaci&oacute;n y la adaptabilidad son claves para el &eacute;xito en un entorno tan vol&aacute;til. &ldquo;Ofrecemos alternativas financieras y servicios log&iacute;sticos, dise&ntilde;o de procesos renting, soporte en los registros de plataformas de todas las marcas, y soluciones de extensi&oacute;n de garant&iacute;as. La personalizaci&oacute;n de productos con marca propia y la movilidad son aspectos en los que estamos invirtiendo para mejorar nuestra oferta y acompa&ntilde;ar el flujo de caja de los proyectos&rdquo;, agreg&oacute;. Gesti&oacute;n financiera integral Durante su presentaci&oacute;n, Olga Luc&iacute;a Romero, Chief Financial Officer, y Mayreth Galvis, directora financiera, abordaron los aspectos cruciales de la gesti&oacute;n financiera en Impresistem. Romero resalt&oacute; la importancia de la divisi&oacute;n contable y de impuestos, las operaciones de la compa&ntilde;&iacute;a, los activos operativos frente a los fabricantes y la divisi&oacute;n financiera con cr&eacute;dito, cartera y tesorer&iacute;a. &ldquo;Buscamos potenciar el crecimiento de clientes, colaboradores y operadores con m&aacute;s de 120 l&iacute;neas de productos, representando m&aacute;s de 50 marcas. Queremos ser un facilitador de los negocios, buscando soluciones adecuadas para cada requerimiento&rdquo;, explic&oacute; Romero. Desde su perspectiva, Galvis enfatiz&oacute; en la necesidad de acortar la brecha entre lo comercial y lo financiero. &ldquo;Hoy la brecha entre lo comercial y lo financiero es m&aacute;s corta. Necesitamos que los comerciales entiendan el riesgo cambiario, crediticio y de ejecuci&oacute;n en los proyectos, y nosotros, los financieros, debemos tener empat&iacute;a comercial para lograr el &ldquo;como si&#8217;&rdquo;, afirm&oacute; Galvis. An&aacute;lisis de la econom&iacute;a colombiana Para cerrar el TOP Finance 2024, Alejandro Reyes, economista principal de BBVA Research, present&oacute; un an&aacute;lisis exhaustivo de la econom&iacute;a colombiana. Aunque reconoci&oacute; los desaf&iacute;os actuales, se&ntilde;al&oacute; que hay se&ntilde;ales de mejora. &ldquo;Los indicadores muestran que estamos en un valle, iniciando la transici&oacute;n hacia un escenario m&aacute;s favorable. Una menor inflaci&oacute;n y las tasas de inter&eacute;s m&aacute;s bajas auguran un mejor futuro&rdquo;, afirm&oacute; Reyes. Tambi&eacute;n anticip&oacute; un aumento significativo en el gasto p&uacute;blico en 2025, impulsado por la b&uacute;squeda de m&aacute;s recursos por parte del gobierno. &ldquo;Los ciclos econ&oacute;micos duran cuatro a&ntilde;os y el pr&oacute;ximo a&ntilde;o veremos un impulso en la inversi&oacute;n, lo que depender&aacute; de la sensatez de los c&aacute;lculos de recaudo. El segundo semestre est&aacute; mejorando en actividad y el recaudo en 2025 ser&aacute; mejor, financiando as&iacute; los proyectos&rdquo;, concluy&oacute;. Desaf&iacute;os y oportunidades A lo largo del evento, se discutieron varios desaf&iacute;os y oportunidades que enfrenta la econom&iacute;a colombiana, entre ellos la reforma pensional, de salud y educaci&oacute;n, Reyes se&ntilde;al&oacute;<\/p>\n","protected":false},"author":214,"featured_media":175978,"comment_status":"closed","ping_status":"closed","sticky":false,"template":"","format":"standard","meta":{"site-sidebar-layout":"default","site-content-layout":"","ast-site-content-layout":"default","site-content-style":"default","site-sidebar-style":"default","ast-global-header-display":"","ast-banner-title-visibility":"","ast-main-header-display":"","ast-hfb-above-header-display":"","ast-hfb-below-header-display":"","ast-hfb-mobile-header-display":"","site-post-title":"","ast-breadcrumbs-content":"","ast-featured-img":"","footer-sml-layout":"","ast-disable-related-posts":"","theme-transparent-header-meta":"","adv-header-id-meta":"","stick-header-meta":"","header-above-stick-meta":"","header-main-stick-meta":"","header-below-stick-meta":"","astra-migrate-meta-layouts":"default","ast-page-background-enabled":"default","ast-page-background-meta":{"desktop":{"background-color":"var(--ast-global-color-4)","background-image":"","background-repeat":"repeat","background-position":"center center","background-size":"auto","background-attachment":"scroll","background-type":"","background-media":"","overlay-type":"","overlay-color":"","overlay-opacity":"","overlay-gradient":""},"tablet":{"background-color":"","background-image":"","background-repeat":"repeat","background-position":"center center","background-size":"auto","background-attachment":"scroll","background-type":"","background-media":"","overlay-type":"","overlay-color":"","overlay-opacity":"","overlay-gradient":""},"mobile":{"background-color":"","background-image":"","background-repeat":"repeat","background-position":"center center","background-size":"auto","background-attachment":"scroll","background-type":"","background-media":"","overlay-type":"","overlay-color":"","overlay-opacity":"","overlay-gradient":""}},"ast-content-background-meta":{"desktop":{"background-color":"var(--ast-global-color-5)","background-image":"","background-repeat":"repeat","background-position":"center center","background-size":"auto","background-attachment":"scroll","background-type":"","background-media":"","overlay-type":"","overlay-color":"","overlay-opacity":"","overlay-gradient":""},"tablet":{"background-color":"var(--ast-global-color-5)","background-image":"","background-repeat":"repeat","background-position":"center center","background-size":"auto","background-attachment":"scroll","background-type":"","background-media":"","overlay-type":"","overlay-color":"","overlay-opacity":"","overlay-gradient":""},"mobile":{"background-color":"var(--ast-global-color-5)","background-image":"","background-repeat":"repeat","background-position":"center center","background-size":"auto","background-attachment":"scroll","background-type":"","background-media":"","overlay-type":"","overlay-color":"","overlay-opacity":"","overlay-gradient":""}},"footnotes":""},"categories":[63],"tags":[182],"class_list":["post-175971","post","type-post","status-publish","format-standard","has-post-thumbnail","hentry","category-eventos","tag-impresistem"],"_links":{"self":[{"href":"https:\/\/www.itsitio.com\/co\/wp-json\/wp\/v2\/posts\/175971","targetHints":{"allow":["GET"]}}],"collection":[{"href":"https:\/\/www.itsitio.com\/co\/wp-json\/wp\/v2\/posts"}],"about":[{"href":"https:\/\/www.itsitio.com\/co\/wp-json\/wp\/v2\/types\/post"}],"author":[{"embeddable":true,"href":"https:\/\/www.itsitio.com\/co\/wp-json\/wp\/v2\/users\/214"}],"replies":[{"embeddable":true,"href":"https:\/\/www.itsitio.com\/co\/wp-json\/wp\/v2\/comments?post=175971"}],"version-history":[{"count":0,"href":"https:\/\/www.itsitio.com\/co\/wp-json\/wp\/v2\/posts\/175971\/revisions"}],"wp:featuredmedia":[{"embeddable":true,"href":"https:\/\/www.itsitio.com\/co\/wp-json\/wp\/v2\/media\/175978"}],"wp:attachment":[{"href":"https:\/\/www.itsitio.com\/co\/wp-json\/wp\/v2\/media?parent=175971"}],"wp:term":[{"taxonomy":"category","embeddable":true,"href":"https:\/\/www.itsitio.com\/co\/wp-json\/wp\/v2\/categories?post=175971"},{"taxonomy":"post_tag","embeddable":true,"href":"https:\/\/www.itsitio.com\/co\/wp-json\/wp\/v2\/tags?post=175971"}],"curies":[{"name":"wp","href":"https:\/\/api.w.org\/{rel}","templated":true}]}}