{"id":189366,"date":"2026-09-04T11:12:08","date_gmt":"2026-09-04T14:12:08","guid":{"rendered":"https:\/\/www.itsitio.com\/ar\/?p=189366"},"modified":"2026-09-04T12:06:29","modified_gmt":"2026-09-04T15:06:29","slug":"elit-brand-tour-2026-reunio-a-mas-de-40-marcas-y-al-canal-tecnologico-en-un-dia-de-negocios-gaming-y-networking","status":"publish","type":"post","link":"https:\/\/www.itsitio.com\/ar\/distribucion\/elit-brand-tour-2026-reunio-a-mas-de-40-marcas-y-al-canal-tecnologico-en-un-dia-de-negocios-gaming-y-networking\/","title":{"rendered":"Elit Brand Tour 2026 reuni\u00f3 a m\u00e1s de 40 marcas y al canal tecnol\u00f3gico en un d\u00eda de negocios, gaming y networking"},"content":{"rendered":"<p class=\"isSelectedEnd\">El <strong>Elit Brand Tour 2026<\/strong> se realiz\u00f3 este jueves 3 de septiembre, de 10 a 19 horas, en <strong>El Cubo Eventos, Vicente L\u00f3pez<\/strong>, y convoc\u00f3 a <strong>resellers, retailers, integradores, grandes cuentas, clientes corporativos y canales provenientes del interior del pa\u00eds<\/strong>. La propuesta busc\u00f3 generar un punto de encuentro directo entre fabricantes, clientes y el equipo comercial de Elit para conocer nuevos productos, intercambiar informaci\u00f3n y detectar oportunidades concretas de negocio.<\/p>\n<figure id=\"attachment_189376\" aria-describedby=\"caption-attachment-189376\" style=\"width: 1603px\" class=\"wp-caption alignnone\"><img fetchpriority=\"high\" decoding=\"async\" class=\"wp-image-189376 size-full\" src=\"https:\/\/www.itsitio.com\/ar\/wp-content\/uploads\/sites\/2\/2026\/09\/Captura-de-pantalla-2026-09-04-a-las-10.44.50-a.-m.png\" alt=\"\" width=\"1603\" height=\"850\" srcset=\"https:\/\/www.itsitio.com\/ar\/wp-content\/uploads\/sites\/2\/2026\/09\/Captura-de-pantalla-2026-09-04-a-las-10.44.50-a.-m.png 1603w, https:\/\/www.itsitio.com\/ar\/wp-content\/uploads\/sites\/2\/2026\/09\/Captura-de-pantalla-2026-09-04-a-las-10.44.50-a.-m-300x159.png 300w, https:\/\/www.itsitio.com\/ar\/wp-content\/uploads\/sites\/2\/2026\/09\/Captura-de-pantalla-2026-09-04-a-las-10.44.50-a.-m-1024x543.png 1024w, https:\/\/www.itsitio.com\/ar\/wp-content\/uploads\/sites\/2\/2026\/09\/Captura-de-pantalla-2026-09-04-a-las-10.44.50-a.-m-768x407.png 768w, https:\/\/www.itsitio.com\/ar\/wp-content\/uploads\/sites\/2\/2026\/09\/Captura-de-pantalla-2026-09-04-a-las-10.44.50-a.-m-1536x814.png 1536w, https:\/\/www.itsitio.com\/ar\/wp-content\/uploads\/sites\/2\/2026\/09\/Captura-de-pantalla-2026-09-04-a-las-10.44.50-a.-m-753x400.png 753w\" sizes=\"(max-width: 1603px) 100vw, 1603px\" \/><figcaption id=\"caption-attachment-189376\" class=\"wp-caption-text\">Espacio de charlas y reuniones con los presentes.<\/figcaption><\/figure>\n<p class=\"isSelectedEnd\">A lo largo de la jornada, los asistentes pudieron recorrer diferentes espacios de exhibici\u00f3n y <strong>probar productos, conocer lanzamientos y recibir asesoramiento t\u00e9cnico directamente de los fabricantes<\/strong>. Tambi\u00e9n hubo mesas destinadas a reuniones comerciales, actividades, sorteos y una importante presencia de productos gamer, incluyendo <strong>PCs, placas gr\u00e1ficas, memorias, SSD, monitores, refrigeraci\u00f3n y pantallas de gran formato<\/strong>.<\/p>\n<h2><span style=\"color: #000080\">M\u00e1s de 40 marcas y una propuesta enfocada en el canal<\/span><\/h2>\n<figure id=\"attachment_189380\" aria-describedby=\"caption-attachment-189380\" style=\"width: 1592px\" class=\"wp-caption alignnone\"><img decoding=\"async\" class=\"wp-image-189380 size-full\" src=\"https:\/\/www.itsitio.com\/ar\/wp-content\/uploads\/sites\/2\/2026\/09\/Captura-de-pantalla-2026-09-04-a-las-10.45.09-a.-m.png\" alt=\"\" width=\"1592\" height=\"911\" srcset=\"https:\/\/www.itsitio.com\/ar\/wp-content\/uploads\/sites\/2\/2026\/09\/Captura-de-pantalla-2026-09-04-a-las-10.45.09-a.-m.png 1592w, https:\/\/www.itsitio.com\/ar\/wp-content\/uploads\/sites\/2\/2026\/09\/Captura-de-pantalla-2026-09-04-a-las-10.45.09-a.-m-300x172.png 300w, https:\/\/www.itsitio.com\/ar\/wp-content\/uploads\/sites\/2\/2026\/09\/Captura-de-pantalla-2026-09-04-a-las-10.45.09-a.-m-1024x586.png 1024w, https:\/\/www.itsitio.com\/ar\/wp-content\/uploads\/sites\/2\/2026\/09\/Captura-de-pantalla-2026-09-04-a-las-10.45.09-a.-m-768x439.png 768w, https:\/\/www.itsitio.com\/ar\/wp-content\/uploads\/sites\/2\/2026\/09\/Captura-de-pantalla-2026-09-04-a-las-10.45.09-a.-m-1536x879.png 1536w\" sizes=\"(max-width: 1592px) 100vw, 1592px\" \/><figcaption id=\"caption-attachment-189380\" class=\"wp-caption-text\">Espacio de demos y productos.<\/figcaption><\/figure>\n<p class=\"isSelectedEnd\">Una de las principales caracter\u00edsticas de esta edici\u00f3n fue el crecimiento de la convocatoria. El evento cont\u00f3 con la participaci\u00f3n de <strong>m\u00e1s de 40 marcas<\/strong>, superando ampliamente la cantidad de fabricantes presentes en la edici\u00f3n anterior y consolidando al Brand Tour como uno de los encuentros relevantes del calendario del canal tecnol\u00f3gico argentino.<\/p>\n<p class=\"isSelectedEnd\">Entre las compa\u00f1\u00edas presentes estuvieron <strong>Kingston, Lexar, SanDisk, Lenovo, Lenovo Consumo, ASUS, Brother, ViewSonic, Corsair, Advance, Gigabyte, Pantum, Cooler Master, Western Digital, INNO3D, EZVIZ, AMD, MSI, HP, HP Impresi\u00f3n, HP C\u00f3mputo, Klip Xtreme, Xtech, Nexxt, Intel y Epson<\/strong>, entre otras.<\/p>\n<p class=\"isSelectedEnd\">El \u00e1rea de <strong>componentes<\/strong> tuvo un protagonismo especial, con soluciones de almacenamiento, memorias, placas gr\u00e1ficas, motherboards, fuentes, gabinetes, refrigeraci\u00f3n y accesorios. Tambi\u00e9n hubo espacio para <strong>impresi\u00f3n, c\u00f3mputo, conectividad, energ\u00eda y soluciones corporativas<\/strong>, ampliando el perfil del encuentro m\u00e1s all\u00e1 del mercado de consumo.<\/p>\n<h2><span style=\"color: #000080\">Elit: un espacio para hacer negocios y conectar con el canal<\/span><\/h2>\n<figure id=\"attachment_189378\" aria-describedby=\"caption-attachment-189378\" style=\"width: 1588px\" class=\"wp-caption alignnone\"><img decoding=\"async\" class=\"size-full wp-image-189378\" src=\"https:\/\/www.itsitio.com\/ar\/wp-content\/uploads\/sites\/2\/2026\/09\/Captura-de-pantalla-2026-09-04-a-las-10.49.08-a.-m.png\" alt=\"Federico Cado, Jefe de Marketing y Canal Digital de Elit\" width=\"1588\" height=\"1144\" srcset=\"https:\/\/www.itsitio.com\/ar\/wp-content\/uploads\/sites\/2\/2026\/09\/Captura-de-pantalla-2026-09-04-a-las-10.49.08-a.-m.png 1588w, https:\/\/www.itsitio.com\/ar\/wp-content\/uploads\/sites\/2\/2026\/09\/Captura-de-pantalla-2026-09-04-a-las-10.49.08-a.-m-300x216.png 300w, https:\/\/www.itsitio.com\/ar\/wp-content\/uploads\/sites\/2\/2026\/09\/Captura-de-pantalla-2026-09-04-a-las-10.49.08-a.-m-1024x738.png 1024w, https:\/\/www.itsitio.com\/ar\/wp-content\/uploads\/sites\/2\/2026\/09\/Captura-de-pantalla-2026-09-04-a-las-10.49.08-a.-m-768x553.png 768w, https:\/\/www.itsitio.com\/ar\/wp-content\/uploads\/sites\/2\/2026\/09\/Captura-de-pantalla-2026-09-04-a-las-10.49.08-a.-m-1536x1107.png 1536w\" sizes=\"(max-width: 1588px) 100vw, 1588px\" \/><figcaption id=\"caption-attachment-189378\" class=\"wp-caption-text\">Federico Cado, Gerente de Marketing y Canal Digital de Elit<\/figcaption><\/figure>\n<p class=\"isSelectedEnd\"><strong>Federico Cado, Gerente de Marketing y Canal Digital de Elit<\/strong>, destac\u00f3 el crecimiento de la propuesta y explic\u00f3 que el evento busca reunir en un mismo lugar a los principales actores de la cadena comercial. <strong>\u201cEste a\u00f1o contamos con 40 marcas, lo que representa m\u00e1s de 16 marcas respecto al a\u00f1o anterior\u201d<\/strong>, se\u00f1al\u00f3 Cado. Adem\u00e1s de los fabricantes, la convocatoria incluy\u00f3 clientes de categor\u00edas <strong>Tier 1, Tier 2 y Tier 3<\/strong>, clientes corporativos y una importante cantidad de representantes provenientes del interior del pa\u00eds. Para Elit, el Brand Tour no se limita a una exposici\u00f3n de productos. El objetivo es generar un espacio donde <strong>clientes, marcas y los equipos comercial y de marketing del mayorista puedan interactuar directamente<\/strong>, generar reuniones y detectar nuevas oportunidades.<\/p>\n<p class=\"isSelectedEnd\">En este contexto, Cado tambi\u00e9n destac\u00f3 el crecimiento de la infraestructura de Elit, que contin\u00faa avanzando con una estrategia de mayor presencia federal. La compa\u00f1\u00eda ya cuenta con un <strong>centro de distribuci\u00f3n regional en C\u00f3rdoba<\/strong>, con stock local para abastecer a su zona de influencia, y tambi\u00e9n abri\u00f3 un centro en <strong>Santa Fe<\/strong>, adem\u00e1s de sumar puntos de retiro en otras ciudades. <strong style=\"font-size: 16px\">\u201cYo siempre digo que este evento empieza cuando se apagan las luces. Un gran evento termina formalmente cuando se apaga la iluminaci\u00f3n, pero es ah\u00ed cuando realmente empieza lo importante\u201d<\/strong><span style=\"font-size: 16px\">, sostuvo Cado, al remarcar que el networking y el aprendizaje que surge del contacto directo con los clientes son parte central del encuentro.<\/span><\/p>\n<h2><span style=\"color: #000080\">AMD: Radeon y la continuidad de AM4<\/span><\/h2>\n<figure id=\"attachment_189383\" aria-describedby=\"caption-attachment-189383\" style=\"width: 1569px\" class=\"wp-caption alignnone\"><img loading=\"lazy\" decoding=\"async\" class=\"wp-image-189383 size-full\" src=\"https:\/\/www.itsitio.com\/ar\/wp-content\/uploads\/sites\/2\/2026\/09\/Captura-de-pantalla-2026-09-04-a-las-10.46.41-a.-m.png\" alt=\"\" width=\"1569\" height=\"1159\" srcset=\"https:\/\/www.itsitio.com\/ar\/wp-content\/uploads\/sites\/2\/2026\/09\/Captura-de-pantalla-2026-09-04-a-las-10.46.41-a.-m.png 1569w, https:\/\/www.itsitio.com\/ar\/wp-content\/uploads\/sites\/2\/2026\/09\/Captura-de-pantalla-2026-09-04-a-las-10.46.41-a.-m-300x222.png 300w, https:\/\/www.itsitio.com\/ar\/wp-content\/uploads\/sites\/2\/2026\/09\/Captura-de-pantalla-2026-09-04-a-las-10.46.41-a.-m-1024x756.png 1024w, https:\/\/www.itsitio.com\/ar\/wp-content\/uploads\/sites\/2\/2026\/09\/Captura-de-pantalla-2026-09-04-a-las-10.46.41-a.-m-768x567.png 768w, https:\/\/www.itsitio.com\/ar\/wp-content\/uploads\/sites\/2\/2026\/09\/Captura-de-pantalla-2026-09-04-a-las-10.46.41-a.-m-1536x1135.png 1536w\" sizes=\"(max-width: 1569px) 100vw, 1569px\" \/><figcaption id=\"caption-attachment-189383\" class=\"wp-caption-text\">Ana Linda Monroy Alvarez &#8211; Marketing Specialist South de AMD junto a Tom\u00e1s Moretti, Channel Sales Manager AR &amp; UY de AMD<\/figcaption><\/figure>\n<p class=\"isSelectedEnd\">Durante el <strong>Elit Brand Tour<\/strong>, desde ITSitio dialogamos con <strong>Tom\u00e1s Moretti, Channel Sales Manager AR &amp; UY de AMD<\/strong>, quien destac\u00f3 el crecimiento del evento y el trabajo conjunto con Elit. <strong>\u201cA\u00f1o tras a\u00f1o el Brand Tour es superador. Es la tercera edici\u00f3n consecutiva que apoyamos y tanto la organizaci\u00f3n como la convocatoria de canales son cada vez mayores\u201d<\/strong>, se\u00f1al\u00f3. En este contexto, AMD present\u00f3 dos mensajes centrales para el canal: <strong>apostar por las placas gr\u00e1ficas Radeon<\/strong> y acompa\u00f1ar la <strong>extensi\u00f3n de la longevidad de la plataforma AM4<\/strong>, trabajando junto a Elit para ampliar la disponibilidad de productos. \u201cPudimos incorporar una marca y traer el lineal completo de la categor\u00eda, lo que nos permite ofrecer una propuesta mucho m\u00e1s amplia\u201d, explic\u00f3 Moretti.<\/p>\n<p class=\"isSelectedEnd\">En relaci\u00f3n con las placas gr\u00e1ficas Radeon, el ejecutivo destac\u00f3 que la propuesta apunta a cubrir <strong>todos los segmentos del mercado<\/strong>, desde opciones orientadas a usuarios que buscan ingresar al gaming hasta soluciones para perfiles entusiastas y creadores de contenido. \u201cEstamos trabajando en todo el segmento, desde la placa de video AMD Radeon RX 7600, pasando por la RX 9060 XT de 16 GB, hasta la RX 9070 XT\u201d, detall\u00f3. Seg\u00fan Moretti, el objetivo es contar con un portfolio que permita atender diferentes necesidades y resoluciones de juego, cubriendo tanto el segmento <strong>100% gaming como el de entusiastas y creadores de contenido<\/strong>, y ofreciendo al canal alternativas para cada nicho.<\/p>\n<h2><span style=\"color: #000080\">ASUS: gaming, inteligencia artificial y soluciones corporativas<\/span><\/h2>\n<figure id=\"attachment_189388\" aria-describedby=\"caption-attachment-189388\" style=\"width: 1605px\" class=\"wp-caption alignnone\"><img loading=\"lazy\" decoding=\"async\" class=\"size-full wp-image-189388\" src=\"https:\/\/www.itsitio.com\/ar\/wp-content\/uploads\/sites\/2\/2026\/09\/Captura-de-pantalla-2026-09-04-a-las-10.47.17-a.-m.png\" alt=\"Lucas del \u00c1quila, Account Manager de ASUS para la cuenta de Elit\" width=\"1605\" height=\"1123\" srcset=\"https:\/\/www.itsitio.com\/ar\/wp-content\/uploads\/sites\/2\/2026\/09\/Captura-de-pantalla-2026-09-04-a-las-10.47.17-a.-m.png 1605w, https:\/\/www.itsitio.com\/ar\/wp-content\/uploads\/sites\/2\/2026\/09\/Captura-de-pantalla-2026-09-04-a-las-10.47.17-a.-m-300x210.png 300w, https:\/\/www.itsitio.com\/ar\/wp-content\/uploads\/sites\/2\/2026\/09\/Captura-de-pantalla-2026-09-04-a-las-10.47.17-a.-m-1024x716.png 1024w, https:\/\/www.itsitio.com\/ar\/wp-content\/uploads\/sites\/2\/2026\/09\/Captura-de-pantalla-2026-09-04-a-las-10.47.17-a.-m-768x537.png 768w, https:\/\/www.itsitio.com\/ar\/wp-content\/uploads\/sites\/2\/2026\/09\/Captura-de-pantalla-2026-09-04-a-las-10.47.17-a.-m-1536x1075.png 1536w\" sizes=\"(max-width: 1605px) 100vw, 1605px\" \/><figcaption id=\"caption-attachment-189388\" class=\"wp-caption-text\">Lucas del \u00c1quila, Account Manager de ASUS para la cuenta de Elit<\/figcaption><\/figure>\n<p class=\"isSelectedEnd\"><strong>ASUS<\/strong> aprovech\u00f3 el Brand Tour para mostrar un portfolio que abarc\u00f3 <strong>gaming, monitores OLED, conectividad, mini PCs y soluciones corporativas<\/strong>. <strong>Lucas del \u00c1quila, Account Manager de ASUS para la cuenta de Elit<\/strong>, explic\u00f3 que la participaci\u00f3n tuvo como objetivo fortalecer las alianzas existentes y generar nuevos v\u00ednculos con clientes.<\/p>\n<p class=\"isSelectedEnd\">\u201cEstamos ac\u00e1 con la idea de <strong>formar alianzas con clientes, fortalecer aquellas que ya existen y mostrar las novedades que se vienen<\/strong>\u201d, explic\u00f3. Uno de los focos estuvo puesto en <strong>ASUS Business<\/strong>, con soluciones de conectividad, mini PCs y equipos preparados para aprovechar las posibilidades de la inteligencia artificial. En el espacio de la compa\u00f1\u00eda tambi\u00e9n se pudieron observar productos gamer, refrigeraci\u00f3n l\u00edquida con pantalla personalizable y monitores OLED.<\/p>\n<figure id=\"attachment_189390\" aria-describedby=\"caption-attachment-189390\" style=\"width: 1330px\" class=\"wp-caption alignnone\"><img loading=\"lazy\" decoding=\"async\" class=\"size-full wp-image-189390\" src=\"https:\/\/www.itsitio.com\/ar\/wp-content\/uploads\/sites\/2\/2026\/09\/Captura-de-pantalla-2026-09-04-a-las-10.47.56-a.-m.png\" alt=\"PC Gamer ASUS con Monitor ASUS OLED 4K.\" width=\"1330\" height=\"952\" srcset=\"https:\/\/www.itsitio.com\/ar\/wp-content\/uploads\/sites\/2\/2026\/09\/Captura-de-pantalla-2026-09-04-a-las-10.47.56-a.-m.png 1330w, https:\/\/www.itsitio.com\/ar\/wp-content\/uploads\/sites\/2\/2026\/09\/Captura-de-pantalla-2026-09-04-a-las-10.47.56-a.-m-300x215.png 300w, https:\/\/www.itsitio.com\/ar\/wp-content\/uploads\/sites\/2\/2026\/09\/Captura-de-pantalla-2026-09-04-a-las-10.47.56-a.-m-1024x733.png 1024w, https:\/\/www.itsitio.com\/ar\/wp-content\/uploads\/sites\/2\/2026\/09\/Captura-de-pantalla-2026-09-04-a-las-10.47.56-a.-m-768x550.png 768w\" sizes=\"(max-width: 1330px) 100vw, 1330px\" \/><figcaption id=\"caption-attachment-189390\" class=\"wp-caption-text\">PC Gamer ASUS con Monitor ASUS OLED 4K.<\/figcaption><\/figure>\n<p class=\"isSelectedEnd\">Desde ITSitio pudimos ver una <strong>PC ASUS gamer acompa\u00f1ada por un monitor OLED 4K de 32 pulgadas<\/strong>, adem\u00e1s de una configuraci\u00f3n orientada a profesionales del dise\u00f1o con productos de la l\u00ednea <strong>ProArt<\/strong>, una mini PC y un router Wi-Fi 6. \u201cASUS vino a marcar tendencia nuevamente en Elit y a fortalecer alianzas con todos los clientes de Argentina\u201d, destac\u00f3 Del \u00c1quila.<\/p>\n<h2><span style=\"color: #000080\">Brother: nuevas impresoras l\u00e1ser y oportunidades para el interior<\/span><\/h2>\n<figure id=\"attachment_189396\" aria-describedby=\"caption-attachment-189396\" style=\"width: 1593px\" class=\"wp-caption alignnone\"><img loading=\"lazy\" decoding=\"async\" class=\"size-full wp-image-189396\" src=\"https:\/\/www.itsitio.com\/ar\/wp-content\/uploads\/sites\/2\/2026\/09\/Captura-de-pantalla-2026-09-04-a-las-10.53.30-a.-m.png\" alt=\"Patricio Andueza, Gerente de Producto P&amp;S de Brother Argentina,\" width=\"1593\" height=\"1114\" srcset=\"https:\/\/www.itsitio.com\/ar\/wp-content\/uploads\/sites\/2\/2026\/09\/Captura-de-pantalla-2026-09-04-a-las-10.53.30-a.-m.png 1593w, https:\/\/www.itsitio.com\/ar\/wp-content\/uploads\/sites\/2\/2026\/09\/Captura-de-pantalla-2026-09-04-a-las-10.53.30-a.-m-300x210.png 300w, https:\/\/www.itsitio.com\/ar\/wp-content\/uploads\/sites\/2\/2026\/09\/Captura-de-pantalla-2026-09-04-a-las-10.53.30-a.-m-1024x716.png 1024w, https:\/\/www.itsitio.com\/ar\/wp-content\/uploads\/sites\/2\/2026\/09\/Captura-de-pantalla-2026-09-04-a-las-10.53.30-a.-m-768x537.png 768w, https:\/\/www.itsitio.com\/ar\/wp-content\/uploads\/sites\/2\/2026\/09\/Captura-de-pantalla-2026-09-04-a-las-10.53.30-a.-m-1536x1074.png 1536w\" sizes=\"(max-width: 1593px) 100vw, 1593px\" \/><figcaption id=\"caption-attachment-189396\" class=\"wp-caption-text\">Patricio Andueza, Gerente de Producto P&amp;S de Brother Argentina,<\/figcaption><\/figure>\n<p class=\"isSelectedEnd\"><strong>Brother<\/strong> present\u00f3 durante el encuentro su nueva l\u00ednea de <strong>impresi\u00f3n l\u00e1ser de entrada<\/strong>, con equipos que buscan ofrecer un costo de operaci\u00f3n m\u00e1s competitivo. <strong>Patricio Andueza, Gerente de Producto P&amp;S de Brother Argentina,<\/strong> destac\u00f3 la presentaci\u00f3n de nuevos modelos con una reducci\u00f3n significativa en el precio de los consumibles.<\/p>\n<figure id=\"attachment_189392\" aria-describedby=\"caption-attachment-189392\" style=\"width: 1587px\" class=\"wp-caption alignnone\"><img loading=\"lazy\" decoding=\"async\" class=\"size-full wp-image-189392\" src=\"https:\/\/www.itsitio.com\/ar\/wp-content\/uploads\/sites\/2\/2026\/09\/Captura-de-pantalla-2026-09-04-a-las-10.48.24-a.-m.png\" alt=\"Nuevas impresoras de Brother. \" width=\"1587\" height=\"1152\" srcset=\"https:\/\/www.itsitio.com\/ar\/wp-content\/uploads\/sites\/2\/2026\/09\/Captura-de-pantalla-2026-09-04-a-las-10.48.24-a.-m.png 1587w, https:\/\/www.itsitio.com\/ar\/wp-content\/uploads\/sites\/2\/2026\/09\/Captura-de-pantalla-2026-09-04-a-las-10.48.24-a.-m-300x218.png 300w, https:\/\/www.itsitio.com\/ar\/wp-content\/uploads\/sites\/2\/2026\/09\/Captura-de-pantalla-2026-09-04-a-las-10.48.24-a.-m-1024x743.png 1024w, https:\/\/www.itsitio.com\/ar\/wp-content\/uploads\/sites\/2\/2026\/09\/Captura-de-pantalla-2026-09-04-a-las-10.48.24-a.-m-768x557.png 768w, https:\/\/www.itsitio.com\/ar\/wp-content\/uploads\/sites\/2\/2026\/09\/Captura-de-pantalla-2026-09-04-a-las-10.48.24-a.-m-1536x1115.png 1536w\" sizes=\"(max-width: 1587px) 100vw, 1587px\" \/><figcaption id=\"caption-attachment-189392\" class=\"wp-caption-text\">Nuevas impresoras de Brother.<\/figcaption><\/figure>\n<p class=\"isSelectedEnd\"><strong>\u201cEstamos ac\u00e1 muy contentos en el Brand Tour presentando nuestra nueva l\u00ednea de impresi\u00f3n de l\u00e1ser de entrada, productos con t\u00f3ner con un 50% de descuento, m\u00e1s econ\u00f3micos que la l\u00ednea anterior\u201d<\/strong>, explic\u00f3 Andueza. Entre los equipos exhibidos estuvieron la <strong>Brother DCP-L1652W<\/strong>, multifunci\u00f3n con Wi-Fi que imprime, copia y escanea, y la <strong>DCP-T830DW<\/strong>.<\/p>\n<p class=\"isSelectedEnd\">El ejecutivo tambi\u00e9n valor\u00f3 la presencia de clientes provenientes de distintas provincias. <strong>\u201cEs una buena oportunidad para encontrarnos con ellos, que por ah\u00ed son clientes a los que no ves tan seguido\u201d<\/strong>, sostuvo. Para Brother, el Brand Tour se convirti\u00f3 as\u00ed en una oportunidad para fortalecer el v\u00ednculo con canales del interior y continuar generando negocios de manera directa.<\/p>\n<h2><span style=\"color: #000080\">Epson: proyectores y nuevas generaciones de EcoTank<\/span><\/h2>\n<figure id=\"attachment_189400\" aria-describedby=\"caption-attachment-189400\" style=\"width: 1427px\" class=\"wp-caption alignnone\"><img loading=\"lazy\" decoding=\"async\" class=\"size-full wp-image-189400\" src=\"https:\/\/www.itsitio.com\/ar\/wp-content\/uploads\/sites\/2\/2026\/09\/Captura-de-pantalla-2026-09-04-a-las-10.49.53-a.-m.png\" alt=\"Parte del equipo de Epson Argentina. \" width=\"1427\" height=\"960\" srcset=\"https:\/\/www.itsitio.com\/ar\/wp-content\/uploads\/sites\/2\/2026\/09\/Captura-de-pantalla-2026-09-04-a-las-10.49.53-a.-m.png 1427w, https:\/\/www.itsitio.com\/ar\/wp-content\/uploads\/sites\/2\/2026\/09\/Captura-de-pantalla-2026-09-04-a-las-10.49.53-a.-m-300x202.png 300w, https:\/\/www.itsitio.com\/ar\/wp-content\/uploads\/sites\/2\/2026\/09\/Captura-de-pantalla-2026-09-04-a-las-10.49.53-a.-m-1024x689.png 1024w, https:\/\/www.itsitio.com\/ar\/wp-content\/uploads\/sites\/2\/2026\/09\/Captura-de-pantalla-2026-09-04-a-las-10.49.53-a.-m-768x517.png 768w\" sizes=\"(max-width: 1427px) 100vw, 1427px\" \/><figcaption id=\"caption-attachment-189400\" class=\"wp-caption-text\">Parte del equipo de Epson Argentina.<\/figcaption><\/figure>\n<p class=\"isSelectedEnd\"><strong>Epson<\/strong> particip\u00f3 del evento con foco en sus <strong>nuevos proyectores y soluciones de impresi\u00f3n<\/strong>, aprovechando la jornada para acercar sus principales novedades al canal. <strong>Virginia Yunes,<\/strong> <strong>KAM de Epson Star<\/strong>, explic\u00f3 que el encuentro permiti\u00f3 presentar productos y conversar directamente con los clientes sobre las oportunidades que ofrecen las distintas l\u00edneas de la compa\u00f1\u00eda.<\/p>\n<p class=\"isSelectedEnd\">Uno de los principales protagonistas fue el nuevo <strong>proyector Epson Lifestudio<\/strong>, presentado como una de las grandes novedades de la marca. Tambi\u00e9n se mostraron las nuevas <strong>EcoTank Home<\/strong>, incluyendo los modelos <strong>L1350 y L3310<\/strong>, integrantes de la renovada familia de impresoras de Epson presentada en Argentina. Estos equipos son hasta <strong>20% m\u00e1s r\u00e1pidos y hasta 20% m\u00e1s compactos<\/strong> frente a sus equivalentes de la generaci\u00f3n anterior.<\/p>\n<p class=\"isSelectedEnd\">Yunes destac\u00f3 adem\u00e1s el acompa\u00f1amiento de Elit como distribuidor y el trabajo de Epson con sus clientes. <strong>\u201cEpson es una gran empresa que se compromete mucho con la calidad y el compromiso con el cliente\u201d<\/strong>, se\u00f1al\u00f3, destacando la importancia de contar con un canal que permita acercar las soluciones de la marca a todo el pa\u00eds.<\/p>\n<h2><span style=\"color: #000080\">HP: un portfolio completo y mayor capilaridad nacional<\/span><\/h2>\n<figure id=\"attachment_189402\" aria-describedby=\"caption-attachment-189402\" style=\"width: 1587px\" class=\"wp-caption alignnone\"><img loading=\"lazy\" decoding=\"async\" class=\"size-full wp-image-189402\" src=\"https:\/\/www.itsitio.com\/ar\/wp-content\/uploads\/sites\/2\/2026\/09\/Captura-de-pantalla-2026-09-04-a-las-10.50.15-a.-m.png\" alt=\"Gabriel Renzo, Gerente Comercial de HP Argentina\" width=\"1587\" height=\"1148\" srcset=\"https:\/\/www.itsitio.com\/ar\/wp-content\/uploads\/sites\/2\/2026\/09\/Captura-de-pantalla-2026-09-04-a-las-10.50.15-a.-m.png 1587w, https:\/\/www.itsitio.com\/ar\/wp-content\/uploads\/sites\/2\/2026\/09\/Captura-de-pantalla-2026-09-04-a-las-10.50.15-a.-m-300x217.png 300w, https:\/\/www.itsitio.com\/ar\/wp-content\/uploads\/sites\/2\/2026\/09\/Captura-de-pantalla-2026-09-04-a-las-10.50.15-a.-m-1024x741.png 1024w, https:\/\/www.itsitio.com\/ar\/wp-content\/uploads\/sites\/2\/2026\/09\/Captura-de-pantalla-2026-09-04-a-las-10.50.15-a.-m-768x556.png 768w, https:\/\/www.itsitio.com\/ar\/wp-content\/uploads\/sites\/2\/2026\/09\/Captura-de-pantalla-2026-09-04-a-las-10.50.15-a.-m-1536x1111.png 1536w\" sizes=\"(max-width: 1587px) 100vw, 1587px\" \/><figcaption id=\"caption-attachment-189402\" class=\"wp-caption-text\">Gabriel Renzo, Gerente Comercial de HP Argentina<\/figcaption><\/figure>\n<p class=\"isSelectedEnd\"><strong>HP<\/strong> estuvo presente con una propuesta que incluy\u00f3 pr\u00e1cticamente todas sus principales categor\u00edas. <strong>Gabriel Renzo, Gerente Comercial de HP Argentina<\/strong>, destac\u00f3 la importancia de participar nuevamente del encuentro para acercarse a resellers y clientes.<\/p>\n<p class=\"isSelectedEnd\"><strong>\u201cEstamos muy contentos de participar en un nuevo evento Elit Brand Tour, apoyando a uno de nuestros principales distribuidores de Argentina y aprovechando para conectar con todos los resellers y clientes\u201d<\/strong>, explic\u00f3. En el espacio de HP se present\u00f3 su portfolio de <strong>impresoras de tinta, impresoras l\u00e1ser, notebooks de consumo, notebooks comerciales y supplies<\/strong>, incluyendo tinta y t\u00f3ner.<\/p>\n<figure id=\"attachment_189404\" aria-describedby=\"caption-attachment-189404\" style=\"width: 1436px\" class=\"wp-caption alignnone\"><img loading=\"lazy\" decoding=\"async\" class=\"size-full wp-image-189404\" src=\"https:\/\/www.itsitio.com\/ar\/wp-content\/uploads\/sites\/2\/2026\/09\/Captura-de-pantalla-2026-09-04-a-las-10.50.35-a.-m.png\" alt=\"Espacio de impresi\u00f3n de Epson en el Elit Brand Tour. \" width=\"1436\" height=\"882\" srcset=\"https:\/\/www.itsitio.com\/ar\/wp-content\/uploads\/sites\/2\/2026\/09\/Captura-de-pantalla-2026-09-04-a-las-10.50.35-a.-m.png 1436w, https:\/\/www.itsitio.com\/ar\/wp-content\/uploads\/sites\/2\/2026\/09\/Captura-de-pantalla-2026-09-04-a-las-10.50.35-a.-m-300x184.png 300w, https:\/\/www.itsitio.com\/ar\/wp-content\/uploads\/sites\/2\/2026\/09\/Captura-de-pantalla-2026-09-04-a-las-10.50.35-a.-m-1024x629.png 1024w, https:\/\/www.itsitio.com\/ar\/wp-content\/uploads\/sites\/2\/2026\/09\/Captura-de-pantalla-2026-09-04-a-las-10.50.35-a.-m-768x472.png 768w\" sizes=\"(max-width: 1436px) 100vw, 1436px\" \/><figcaption id=\"caption-attachment-189404\" class=\"wp-caption-text\">Espacio de impresi\u00f3n de Epson en el Elit Brand Tour.<\/figcaption><\/figure>\n<p class=\"isSelectedEnd\">Renzo tambi\u00e9n remarc\u00f3 el papel de Elit dentro de la estrategia comercial de HP. Seg\u00fan explic\u00f3, uno de los principales diferenciales es la <strong>capilaridad que tiene el mayorista en Argentina<\/strong>, con presencia en distintos puntos del pa\u00eds y una estrategia de expansi\u00f3n de centros de pickup y log\u00edstica. <strong>\u201cEs uno de los principales distribuidores que nos permiten estar cerca de los clientes\u201d<\/strong>, sostuvo.<\/p>\n<h2><span style=\"color: #000080\">Intel: Core Ultra Serie 3 y el avance de la inteligencia artificial<\/span><\/h2>\n<figure id=\"attachment_189406\" aria-describedby=\"caption-attachment-189406\" style=\"width: 1592px\" class=\"wp-caption alignnone\"><img loading=\"lazy\" decoding=\"async\" class=\"size-full wp-image-189406\" src=\"https:\/\/www.itsitio.com\/ar\/wp-content\/uploads\/sites\/2\/2026\/09\/Captura-de-pantalla-2026-09-04-a-las-10.50.54-a.-m.png\" alt=\"Erlin Rey, ITS | Territory Scaling-LATAM en Intel\" width=\"1592\" height=\"1104\" srcset=\"https:\/\/www.itsitio.com\/ar\/wp-content\/uploads\/sites\/2\/2026\/09\/Captura-de-pantalla-2026-09-04-a-las-10.50.54-a.-m.png 1592w, https:\/\/www.itsitio.com\/ar\/wp-content\/uploads\/sites\/2\/2026\/09\/Captura-de-pantalla-2026-09-04-a-las-10.50.54-a.-m-300x208.png 300w, https:\/\/www.itsitio.com\/ar\/wp-content\/uploads\/sites\/2\/2026\/09\/Captura-de-pantalla-2026-09-04-a-las-10.50.54-a.-m-1024x710.png 1024w, https:\/\/www.itsitio.com\/ar\/wp-content\/uploads\/sites\/2\/2026\/09\/Captura-de-pantalla-2026-09-04-a-las-10.50.54-a.-m-768x533.png 768w, https:\/\/www.itsitio.com\/ar\/wp-content\/uploads\/sites\/2\/2026\/09\/Captura-de-pantalla-2026-09-04-a-las-10.50.54-a.-m-1536x1065.png 1536w\" sizes=\"(max-width: 1592px) 100vw, 1592px\" \/><figcaption id=\"caption-attachment-189406\" class=\"wp-caption-text\">Erlin Rey, ITS | Territory Scaling-LATAM en Intel<\/figcaption><\/figure>\n<p class=\"isSelectedEnd\"><strong>Intel<\/strong> aprovech\u00f3 el encuentro para acercar al canal sus \u00faltimas novedades en materia de <strong>procesadores, inteligencia artificial y eficiencia energ\u00e9tica<\/strong>. Erlin Rey, <strong>ITS | Territory Scaling-LATAM en Intel<\/strong>, destac\u00f3 la posibilidad de recibir feedback directo de los clientes y presentar las tecnolog\u00edas de la compa\u00f1\u00eda.<\/p>\n<p class=\"isSelectedEnd\">El ejecutivo puso el foco en los nuevos <strong>Intel Core Ultra Serie 3<\/strong>, procesadores orientados a <strong>inteligencia artificial, productividad y eficiencia energ\u00e9tica<\/strong>. Seg\u00fan explic\u00f3, la plataforma incorpora tres motores para IA: <strong>CPU, GPU y NPU<\/strong>, que permiten distribuir las cargas de trabajo de inteligencia artificial.<\/p>\n<p class=\"isSelectedEnd\">Para Rey, este tipo de encuentros resulta fundamental porque permite que los clientes y canales conozcan las tecnolog\u00edas de primera mano y puedan evaluar c\u00f3mo incorporarlas en sus propios proyectos. <strong>\u201cSiempre son bienvenidos y, de nuestra parte, nos enorgullece ser parte del mismo y poder mostrar cada uno de nuestros productos\u201d<\/strong>, afirm\u00f3.<\/p>\n<h2><span style=\"color: #000080\">Kingston: memoria y almacenamiento como oportunidades para el mercado corporativo<\/span><\/h2>\n<figure id=\"attachment_189408\" aria-describedby=\"caption-attachment-189408\" style=\"width: 1560px\" class=\"wp-caption alignnone\"><img loading=\"lazy\" decoding=\"async\" class=\"size-full wp-image-189408\" src=\"https:\/\/www.itsitio.com\/ar\/wp-content\/uploads\/sites\/2\/2026\/09\/Captura-de-pantalla-2026-09-04-a-las-10.51.13-a.-m.png\" alt=\"Juan Ignacio Do Porto, Country Manager de Argentina y Uruguay de Kingston\" width=\"1560\" height=\"1153\" srcset=\"https:\/\/www.itsitio.com\/ar\/wp-content\/uploads\/sites\/2\/2026\/09\/Captura-de-pantalla-2026-09-04-a-las-10.51.13-a.-m.png 1560w, https:\/\/www.itsitio.com\/ar\/wp-content\/uploads\/sites\/2\/2026\/09\/Captura-de-pantalla-2026-09-04-a-las-10.51.13-a.-m-300x222.png 300w, https:\/\/www.itsitio.com\/ar\/wp-content\/uploads\/sites\/2\/2026\/09\/Captura-de-pantalla-2026-09-04-a-las-10.51.13-a.-m-1024x757.png 1024w, https:\/\/www.itsitio.com\/ar\/wp-content\/uploads\/sites\/2\/2026\/09\/Captura-de-pantalla-2026-09-04-a-las-10.51.13-a.-m-768x568.png 768w, https:\/\/www.itsitio.com\/ar\/wp-content\/uploads\/sites\/2\/2026\/09\/Captura-de-pantalla-2026-09-04-a-las-10.51.13-a.-m-1536x1135.png 1536w\" sizes=\"(max-width: 1560px) 100vw, 1560px\" \/><figcaption id=\"caption-attachment-189408\" class=\"wp-caption-text\">Juan Ignacio Do Porto, Country Manager de Argentina y Uruguay de Kingston<\/figcaption><\/figure>\n<p class=\"isSelectedEnd\"><strong>Kingston<\/strong> tuvo una fuerte presencia en el Brand Tour, con especial foco en las oportunidades que presentan <strong>la memoria RAM y el almacenamiento para el segmento corporativo<\/strong>. Juan Ignacio Do Porto, <strong>Country Manager de Argentina y Uruguay de Kingston<\/strong>, explic\u00f3 que el evento permite encontrarse con clientes a los que muchas veces resulta dif\u00edcil llegar durante el a\u00f1o.<\/p>\n<p class=\"isSelectedEnd\">\u201cEs un gran espacio para encontrarnos con muchos clientes a los que, en ocasiones, es dif\u00edcil llegar o con los que todav\u00eda no tenemos contacto. En nuestro stand recibimos a uno tras otro para conversar sobre las oportunidades de negocio que tienen y analizar qu\u00e9 podemos ofrecerles para acompa\u00f1arlos\u201d, se\u00f1al\u00f3 el entrevistado.<\/p>\n<p class=\"isSelectedEnd\">Este a\u00f1o, Kingston puso especial \u00e9nfasis en las oportunidades para <strong>PyMEs y grandes corporaciones<\/strong>, adem\u00e1s de conversar con el canal sobre la situaci\u00f3n de la industria, la disponibilidad de componentes y el escenario de precios. Do Porto tambi\u00e9n remarc\u00f3 la apuesta de Kingston por Argentina y el valor de contar con un equipo local para acompa\u00f1ar tanto al <strong>mercado de consumo como al corporativo<\/strong>.<\/p>\n<h2><span style=\"color: #000080\">MSI: gaming, monitores y una estrategia enfocada en la capilaridad<\/span><\/h2>\n<figure id=\"attachment_189412\" aria-describedby=\"caption-attachment-189412\" style=\"width: 1546px\" class=\"wp-caption alignnone\"><img loading=\"lazy\" decoding=\"async\" class=\"size-full wp-image-189412\" src=\"https:\/\/www.itsitio.com\/ar\/wp-content\/uploads\/sites\/2\/2026\/09\/Captura-de-pantalla-2026-09-04-a-las-10.52.18-a.-m.png\" alt=\"Ramiro Magnone, Territory Manager Argentina, Uruguay y Paraguay de MSI\" width=\"1546\" height=\"1052\" srcset=\"https:\/\/www.itsitio.com\/ar\/wp-content\/uploads\/sites\/2\/2026\/09\/Captura-de-pantalla-2026-09-04-a-las-10.52.18-a.-m.png 1546w, https:\/\/www.itsitio.com\/ar\/wp-content\/uploads\/sites\/2\/2026\/09\/Captura-de-pantalla-2026-09-04-a-las-10.52.18-a.-m-300x204.png 300w, https:\/\/www.itsitio.com\/ar\/wp-content\/uploads\/sites\/2\/2026\/09\/Captura-de-pantalla-2026-09-04-a-las-10.52.18-a.-m-1024x697.png 1024w, https:\/\/www.itsitio.com\/ar\/wp-content\/uploads\/sites\/2\/2026\/09\/Captura-de-pantalla-2026-09-04-a-las-10.52.18-a.-m-768x523.png 768w, https:\/\/www.itsitio.com\/ar\/wp-content\/uploads\/sites\/2\/2026\/09\/Captura-de-pantalla-2026-09-04-a-las-10.52.18-a.-m-1536x1045.png 1536w\" sizes=\"(max-width: 1546px) 100vw, 1546px\" \/><figcaption id=\"caption-attachment-189412\" class=\"wp-caption-text\">Ramiro Magnone, Territory Manager Argentina, Uruguay y Paraguay de MSI<\/figcaption><\/figure>\n<p class=\"isSelectedEnd\"><strong>MSI<\/strong> particip\u00f3 del Elit Brand Tour desde su primera edici\u00f3n y volvi\u00f3 a utilizar el encuentro como plataforma para presentar novedades y conversar cara a cara con el canal. Ramiro Magnone, <strong>Territory Manager Argentina, Uruguay y Paraguay de MSI<\/strong>, destac\u00f3 precisamente esa posibilidad de contacto directo.<\/p>\n<p class=\"isSelectedEnd\"><strong>\u201cRealmente para lo que nosotros vendemos nos sirve mucho porque nos pone cara a cara con todo el canal de distribuci\u00f3n, sobre todo con las tiendas\u201d<\/strong>, explic\u00f3. MSI mostr\u00f3 durante el evento una amplia variedad de productos, incluyendo <strong>monitores curvos de 49 y 34 pulgadas, la l\u00ednea Pro, monitores gamer, placas de video, mini PCs, motherboards, fuentes, chasis y refrigeraci\u00f3n l\u00edquida<\/strong>, adem\u00e1s de una colaboraci\u00f3n especial con el anime <strong>Frieren<\/strong>.<\/p>\n<figure id=\"attachment_189414\" aria-describedby=\"caption-attachment-189414\" style=\"width: 1512px\" class=\"wp-caption alignnone\"><img loading=\"lazy\" decoding=\"async\" class=\"size-full wp-image-189414\" src=\"https:\/\/www.itsitio.com\/ar\/wp-content\/uploads\/sites\/2\/2026\/09\/Captura-de-pantalla-2026-09-04-a-las-10.44.24-a.-m.png\" alt=\"PC Gamer de MSI con el monitor OLED 49 Curvo de 144hz. \" width=\"1512\" height=\"1062\" srcset=\"https:\/\/www.itsitio.com\/ar\/wp-content\/uploads\/sites\/2\/2026\/09\/Captura-de-pantalla-2026-09-04-a-las-10.44.24-a.-m.png 1512w, https:\/\/www.itsitio.com\/ar\/wp-content\/uploads\/sites\/2\/2026\/09\/Captura-de-pantalla-2026-09-04-a-las-10.44.24-a.-m-300x211.png 300w, https:\/\/www.itsitio.com\/ar\/wp-content\/uploads\/sites\/2\/2026\/09\/Captura-de-pantalla-2026-09-04-a-las-10.44.24-a.-m-1024x719.png 1024w, https:\/\/www.itsitio.com\/ar\/wp-content\/uploads\/sites\/2\/2026\/09\/Captura-de-pantalla-2026-09-04-a-las-10.44.24-a.-m-768x539.png 768w\" sizes=\"(max-width: 1512px) 100vw, 1512px\" \/><figcaption id=\"caption-attachment-189414\" class=\"wp-caption-text\">PC Gamer de MSI con el monitor OLED 49 Curvo de 144hz.<\/figcaption><\/figure>\n<p class=\"isSelectedEnd\">Magnone tambi\u00e9n destac\u00f3 la importancia de la expansi\u00f3n hacia el interior del pa\u00eds y el trabajo conjunto con Elit. <strong>\u201cCreemos que Elit es un socio estrat\u00e9gico para poder abarcar m\u00e1s territorio\u201d<\/strong>, afirm\u00f3. Seg\u00fan explic\u00f3, ambas compa\u00f1\u00edas comparten una estrategia enfocada en la <strong>capilaridad<\/strong>, buscando atender tanto a grandes tiendas como a peque\u00f1os comercios y distribuidores.<\/p>\n<h2><span style=\"color: #000080\">Lexar: nuevos SSD y una apuesta por el consumidor<\/span><\/h2>\n<figure id=\"attachment_189410\" aria-describedby=\"caption-attachment-189410\" style=\"width: 1597px\" class=\"wp-caption alignnone\"><img loading=\"lazy\" decoding=\"async\" class=\"size-full wp-image-189410\" src=\"https:\/\/www.itsitio.com\/ar\/wp-content\/uploads\/sites\/2\/2026\/09\/Captura-de-pantalla-2026-09-04-a-las-10.51.36-a.-m.png\" alt=\"Luis Valladares, Director Commercial para LATAM de Lexar\" width=\"1597\" height=\"1145\" srcset=\"https:\/\/www.itsitio.com\/ar\/wp-content\/uploads\/sites\/2\/2026\/09\/Captura-de-pantalla-2026-09-04-a-las-10.51.36-a.-m.png 1597w, https:\/\/www.itsitio.com\/ar\/wp-content\/uploads\/sites\/2\/2026\/09\/Captura-de-pantalla-2026-09-04-a-las-10.51.36-a.-m-300x215.png 300w, https:\/\/www.itsitio.com\/ar\/wp-content\/uploads\/sites\/2\/2026\/09\/Captura-de-pantalla-2026-09-04-a-las-10.51.36-a.-m-1024x734.png 1024w, https:\/\/www.itsitio.com\/ar\/wp-content\/uploads\/sites\/2\/2026\/09\/Captura-de-pantalla-2026-09-04-a-las-10.51.36-a.-m-768x551.png 768w, https:\/\/www.itsitio.com\/ar\/wp-content\/uploads\/sites\/2\/2026\/09\/Captura-de-pantalla-2026-09-04-a-las-10.51.36-a.-m-1536x1101.png 1536w\" sizes=\"(max-width: 1597px) 100vw, 1597px\" \/><figcaption id=\"caption-attachment-189410\" class=\"wp-caption-text\">Luis Valladares, Director Commercial para LATAM de Lexar<\/figcaption><\/figure>\n<p class=\"isSelectedEnd\"><strong>Lexar<\/strong> aprovech\u00f3 el encuentro para mostrar sus \u00faltimas novedades en <strong>almacenamiento<\/strong>, con especial foco en productos de entrada. Luis Valladares, <strong>Director Commercial para LATAM de Lexar<\/strong>, destac\u00f3 el crecimiento de la compa\u00f1\u00eda en Latinoam\u00e9rica y el papel de Elit en la expansi\u00f3n de la marca dentro de Argentina.<\/p>\n<p class=\"isSelectedEnd\"><strong>\u201cDel 2022 para ac\u00e1, al 2026, hemos visto un crecimiento de casi un 400% dentro de la regi\u00f3n\u201d<\/strong>, explic\u00f3 Valladares. Durante el Brand Tour, Lexar present\u00f3 dos nuevos SSD orientados a ofrecer alternativas m\u00e1s accesibles, con capacidades desde <strong>120 GB hasta 1 TB<\/strong>, incluyendo opciones <strong>NVMe y SATA de 2,5 pulgadas<\/strong>. El ejecutivo remarc\u00f3 que el mercado SATA contin\u00faa teniendo una gran relevancia en Argentina debido a la importante base instalada de computadoras.<\/p>\n<p class=\"isSelectedEnd\">La compa\u00f1\u00eda tambi\u00e9n mostr\u00f3 novedades en <strong>foto y video, tarjetas de memoria y CFexpress 4.0<\/strong>, y adelant\u00f3 que los nuevos SSD llegar\u00edan f\u00edsicamente al pa\u00eds en menos de 15 d\u00edas. Valladares destac\u00f3 el rol de Elit como uno de los principales mayoristas de Lexar en Argentina: <strong>\u201cNos ayudaron mucho para pasar de ser una marca relativamente desconocida en Argentina a estar f\u00e1cilmente entre las dos o tres marcas m\u00e1s consideradas dentro del pa\u00eds\u201d<\/strong>.<\/p>\n<h2><span style=\"color: #000080\">Un encuentro que sigue creciendo<\/span><\/h2>\n<figure id=\"attachment_189418\" aria-describedby=\"caption-attachment-189418\" style=\"width: 1598px\" class=\"wp-caption alignnone\"><img loading=\"lazy\" decoding=\"async\" class=\"wp-image-189418 size-full\" src=\"https:\/\/www.itsitio.com\/ar\/wp-content\/uploads\/sites\/2\/2026\/09\/Captura-de-pantalla-2026-09-04-a-las-10.43.26-a.-m.png\" alt=\"\" width=\"1598\" height=\"792\" srcset=\"https:\/\/www.itsitio.com\/ar\/wp-content\/uploads\/sites\/2\/2026\/09\/Captura-de-pantalla-2026-09-04-a-las-10.43.26-a.-m.png 1598w, https:\/\/www.itsitio.com\/ar\/wp-content\/uploads\/sites\/2\/2026\/09\/Captura-de-pantalla-2026-09-04-a-las-10.43.26-a.-m-300x149.png 300w, https:\/\/www.itsitio.com\/ar\/wp-content\/uploads\/sites\/2\/2026\/09\/Captura-de-pantalla-2026-09-04-a-las-10.43.26-a.-m-1024x508.png 1024w, https:\/\/www.itsitio.com\/ar\/wp-content\/uploads\/sites\/2\/2026\/09\/Captura-de-pantalla-2026-09-04-a-las-10.43.26-a.-m-768x381.png 768w, https:\/\/www.itsitio.com\/ar\/wp-content\/uploads\/sites\/2\/2026\/09\/Captura-de-pantalla-2026-09-04-a-las-10.43.26-a.-m-1536x761.png 1536w\" sizes=\"(max-width: 1598px) 100vw, 1598px\" \/><figcaption id=\"caption-attachment-189418\" class=\"wp-caption-text\">M\u00e1s all\u00e1 de las demostraciones y lanzamientos, el principal diferencial del evento estuvo en la posibilidad de generar reuniones directas entre fabricantes y clientes.<\/figcaption><\/figure>\n<p class=\"isSelectedEnd\">El <strong>Elit Brand Tour 2026<\/strong> cerr\u00f3 as\u00ed una jornada que combin\u00f3 <strong>tecnolog\u00eda, negocios, gaming y networking<\/strong>, con una convocatoria que mostr\u00f3 el crecimiento de la propuesta respecto de a\u00f1os anteriores. La participaci\u00f3n de m\u00e1s de 40 marcas permiti\u00f3 reunir en un mismo espacio un amplio abanico de soluciones, desde componentes y almacenamiento hasta impresi\u00f3n, notebooks, monitores, conectividad y productos corporativos.<\/p>\n<p class=\"isSelectedEnd\">M\u00e1s all\u00e1 de las demostraciones y lanzamientos, el principal diferencial del evento estuvo en la posibilidad de <strong>generar reuniones directas entre fabricantes y clientes<\/strong>, especialmente con canales provenientes del interior del pa\u00eds. Para Elit y las marcas participantes, el Brand Tour funcion\u00f3 como una plataforma para conocer mejor las necesidades del mercado, presentar novedades y abrir nuevas conversaciones comerciales.<\/p>\n<figure id=\"attachment_189421\" aria-describedby=\"caption-attachment-189421\" style=\"width: 1587px\" class=\"wp-caption alignnone\"><img loading=\"lazy\" decoding=\"async\" class=\"size-full wp-image-189421\" src=\"https:\/\/www.itsitio.com\/ar\/wp-content\/uploads\/sites\/2\/2026\/09\/Captura-de-pantalla-2026-09-04-a-las-10.49.19-a.-m.png\" alt=\"Elit Brand Tour 2026\" width=\"1587\" height=\"1121\" srcset=\"https:\/\/www.itsitio.com\/ar\/wp-content\/uploads\/sites\/2\/2026\/09\/Captura-de-pantalla-2026-09-04-a-las-10.49.19-a.-m.png 1587w, https:\/\/www.itsitio.com\/ar\/wp-content\/uploads\/sites\/2\/2026\/09\/Captura-de-pantalla-2026-09-04-a-las-10.49.19-a.-m-300x212.png 300w, https:\/\/www.itsitio.com\/ar\/wp-content\/uploads\/sites\/2\/2026\/09\/Captura-de-pantalla-2026-09-04-a-las-10.49.19-a.-m-1024x723.png 1024w, https:\/\/www.itsitio.com\/ar\/wp-content\/uploads\/sites\/2\/2026\/09\/Captura-de-pantalla-2026-09-04-a-las-10.49.19-a.-m-768x542.png 768w, https:\/\/www.itsitio.com\/ar\/wp-content\/uploads\/sites\/2\/2026\/09\/Captura-de-pantalla-2026-09-04-a-las-10.49.19-a.-m-1536x1085.png 1536w\" sizes=\"(max-width: 1587px) 100vw, 1587px\" \/><figcaption id=\"caption-attachment-189421\" class=\"wp-caption-text\">Elit Brand Tour 2026<\/figcaption><\/figure>\n<p>Como resumi\u00f3 Federico Cado durante la jornada, <strong>\u201cnos llevamos much\u00edsimo aprendizaje de los clientes, y las marcas logran conectar profundamente con ellos\u201d<\/strong>. Un concepto que resume el esp\u00edritu de una edici\u00f3n que volvi\u00f3 a poner al <strong>canal tecnol\u00f3gico argentino en el centro de la escena<\/strong>.<\/p>\n<h2><span style=\"color: #000080\">Leer m\u00e1s<\/span><\/h2>\n<p><a href=\"https:\/\/www.itsitio.com\/ar\/eventos\/se-inauguro-oficialmente-intersec-buenos-aires-2026\/\">Se inaugur\u00f3 oficialmente Intersec Buenos Aires 2026<\/a><\/p>\n<p><a href=\"https:\/\/www.itsitio.com\/ar\/columna-de-opinion\/de-la-reaccion-a-la-anticipacion-un-nuevo-enfoque-para-operar-redes-de-gas\/\">De la reacci\u00f3n a la anticipaci\u00f3n: un nuevo enfoque para operar redes de gas<\/a><\/p>\n<p><a href=\"https:\/\/www.itsitio.com\/ar\/casos-de-estudio\/aeropuertos-argentina-cuenta-con-la-ultima-tecnologia-en-las-pantallas-de-sus-aeropuertos\/\">Aeropuertos Argentina cuenta con la \u00faltima tecnolog\u00eda en las pantallas de sus aeropuertos<\/a><\/p>\n","protected":false},"excerpt":{"rendered":"<p>El distribuidor de tecnolog\u00eda Elit organiz\u00f3 una nueva edici\u00f3n de su Brand Tour, un encuentro que reuni\u00f3 a m\u00e1s de 40 fabricantes y a cientos de representantes del canal IT argentino. El evento combin\u00f3 novedades tecnol\u00f3gicas, demostraciones de productos, reuniones comerciales, networking y una fuerte presencia del segmento gaming, con la participaci\u00f3n de marcas como AMD, ASUS, Brother, Epson, HP, Intel, Kingston, Lexar y MSI, entre otras.<\/p>\n","protected":false},"author":233,"featured_media":189429,"comment_status":"closed","ping_status":"closed","sticky":false,"template":"","format":"standard","meta":{"site-sidebar-layout":"default","site-content-layout":"","ast-site-content-layout":"default","site-content-style":"default","site-sidebar-style":"default","ast-global-header-display":"","ast-banner-title-visibility":"","ast-main-header-display":"","ast-hfb-above-header-display":"","ast-hfb-below-header-display":"","ast-hfb-mobile-header-display":"","site-post-title":"","ast-breadcrumbs-content":"","ast-featured-img":"","footer-sml-layout":"","ast-disable-related-posts":"","theme-transparent-header-meta":"default","adv-header-id-meta":"","stick-header-meta":"","header-above-stick-meta":"","header-main-stick-meta":"","header-below-stick-meta":"","astra-migrate-meta-layouts":"set","ast-page-background-enabled":"default","ast-page-background-meta":{"desktop":{"background-color":"var(--ast-global-color-4)","background-image":"","background-repeat":"repeat","background-position":"center center","background-size":"auto","background-attachment":"scroll","background-type":"","background-media":"","overlay-type":"","overlay-color":"","overlay-opacity":"","overlay-gradient":""},"tablet":{"background-color":"","background-image":"","background-repeat":"repeat","background-position":"center center","background-size":"auto","background-attachment":"scroll","background-type":"","background-media":"","overlay-type":"","overlay-color":"","overlay-opacity":"","overlay-gradient":""},"mobile":{"background-color":"","background-image":"","background-repeat":"repeat","background-position":"center center","background-size":"auto","background-attachment":"scroll","background-type":"","background-media":"","overlay-type":"","overlay-color":"","overlay-opacity":"","overlay-gradient":""}},"ast-content-background-meta":{"desktop":{"background-color":"var(--ast-global-color-5)","background-image":"","background-repeat":"repeat","background-position":"center center","background-size":"auto","background-attachment":"scroll","background-type":"","background-media":"","overlay-type":"","overlay-color":"","overlay-opacity":"","overlay-gradient":""},"tablet":{"background-color":"var(--ast-global-color-5)","background-image":"","background-repeat":"repeat","background-position":"center center","background-size":"auto","background-attachment":"scroll","background-type":"","background-media":"","overlay-type":"","overlay-color":"","overlay-opacity":"","overlay-gradient":""},"mobile":{"background-color":"var(--ast-global-color-5)","background-image":"","background-repeat":"repeat","background-position":"center center","background-size":"auto","background-attachment":"scroll","background-type":"","background-media":"","overlay-type":"","overlay-color":"","overlay-opacity":"","overlay-gradient":""}},"footnotes":""},"categories":[14],"tags":[135,370,186,144,1260,47,118,80,24,390,371],"class_list":["post-189366","post","type-post","status-publish","format-standard","has-post-thumbnail","hentry","category-distribucion","tag-amd","tag-asus","tag-brother","tag-elit","tag-elit-brand-tour","tag-epson","tag-hp","tag-intel","tag-kingston","tag-lexar","tag-msi"],"_links":{"self":[{"href":"https:\/\/www.itsitio.com\/ar\/wp-json\/wp\/v2\/posts\/189366","targetHints":{"allow":["GET"]}}],"collection":[{"href":"https:\/\/www.itsitio.com\/ar\/wp-json\/wp\/v2\/posts"}],"about":[{"href":"https:\/\/www.itsitio.com\/ar\/wp-json\/wp\/v2\/types\/post"}],"author":[{"embeddable":true,"href":"https:\/\/www.itsitio.com\/ar\/wp-json\/wp\/v2\/users\/233"}],"replies":[{"embeddable":true,"href":"https:\/\/www.itsitio.com\/ar\/wp-json\/wp\/v2\/comments?post=189366"}],"version-history":[{"count":7,"href":"https:\/\/www.itsitio.com\/ar\/wp-json\/wp\/v2\/posts\/189366\/revisions"}],"predecessor-version":[{"id":189433,"href":"https:\/\/www.itsitio.com\/ar\/wp-json\/wp\/v2\/posts\/189366\/revisions\/189433"}],"wp:featuredmedia":[{"embeddable":true,"href":"https:\/\/www.itsitio.com\/ar\/wp-json\/wp\/v2\/media\/189429"}],"wp:attachment":[{"href":"https:\/\/www.itsitio.com\/ar\/wp-json\/wp\/v2\/media?parent=189366"}],"wp:term":[{"taxonomy":"category","embeddable":true,"href":"https:\/\/www.itsitio.com\/ar\/wp-json\/wp\/v2\/categories?post=189366"},{"taxonomy":"post_tag","embeddable":true,"href":"https:\/\/www.itsitio.com\/ar\/wp-json\/wp\/v2\/tags?post=189366"}],"curies":[{"name":"wp","href":"https:\/\/api.w.org\/{rel}","templated":true}]}}