{"id":189364,"date":"2026-09-04T10:58:34","date_gmt":"2026-09-04T13:58:34","guid":{"rendered":"https:\/\/www.itsitio.com\/ar\/?p=189364"},"modified":"2026-09-04T10:58:34","modified_gmt":"2026-09-04T13:58:34","slug":"se-inauguro-oficialmente-intersec-buenos-aires-2026","status":"publish","type":"post","link":"https:\/\/www.itsitio.com\/ar\/eventos\/se-inauguro-oficialmente-intersec-buenos-aires-2026\/","title":{"rendered":"Se inaugur\u00f3 oficialmente Intersec Buenos Aires 2026"},"content":{"rendered":"<p>En su segundo d\u00eda, <a href=\"https:\/\/intersec-buenos-aires.ar.messefrankfurt.com\/buenos-aires\/es.html?gad_source=1&amp;gad_campaignid=24084082544&amp;gbraid=0AAAAA-Akst4XJ1qaRF1YtHx3DvRf2ZFMB&amp;gclid=Cj0KCQjw2OnUBhC2ARIsACKyfaHZy7gAUg98iOkX2hubEso88paxjuPru5XV3lfXUCfNwCcrR6LYzpwaApTnEALw_wcB\" target=\"_blank\" rel=\"noopener\"><strong>Intersec Buenos Aires 2026<\/strong><\/a> continu\u00f3 con una agenda que combin\u00f3 conferencias t\u00e9cnicas, espacios de vinculaci\u00f3n y demostraciones de productos y soluciones. La jornada convoc\u00f3 a empresarios y profesionales de la industria interesados en conocer nuevas tecnolog\u00edas y herramientas aplicadas a la seguridad, la prevenci\u00f3n y la gesti\u00f3n de riesgos.<\/p>\n<p>Durante el acto inaugural, <strong>Sebasti\u00e1n Cason, Presidente de CASEL<\/strong>, sostuvo: <em>\u201cEsta exposici\u00f3n es mucho m\u00e1s que una vidriera tecnol\u00f3gica, es el lugar donde nuestra industria se encuentra. Durante estos d\u00edas tenemos aqu\u00ed fabricantes, distribuidores, integradores, instaladores, profesionales, c\u00e1maras empresarias, instituciones, representantes del sector p\u00fablico y especialistas. Tenemos nuevas tecnolog\u00edas, pero tambi\u00e9n capacitaci\u00f3n, debate, intercambio de experiencias y oportunidades de negocios. Y esa posibilidad de encontrarnos es particularmente valiosa en una industria que cambia a una velocidad extraordinaria\u201d<\/em>.<\/p>\n<p>En la misma l\u00ednea, <strong>Daniel Ferrer, Presidente de la C\u00e1mara Argentina de Seguridad<\/strong>, se\u00f1al\u00f3: <em>\u201cEstamos una vez m\u00e1s en una nueva Intersec, esta vez en un momento complejo. No obstante, tenemos la obligaci\u00f3n de ser optimistas y pensar que la situaci\u00f3n va a mejorar. Realmente lo creemos, y por eso trabajamos, por eso exponemos a la comunidad todos los adelantos, las novedades y la apuesta de nuestra industria. El conocimiento y el know-how representa soberan\u00eda, es responsabilidad de toda la sociedad cuidarlos y cuidar a la Argentina\u201d<\/em>.<\/p>\n<blockquote class=\"instagram-media\" style=\"background: #FFF; border: 0; border-radius: 3px; box-shadow: 0 0 1px 0 rgba(0,0,0,0.5),0 1px 10px 0 rgba(0,0,0,0.15); margin: 1px; max-width: 540px; min-width: 326px; padding: 0; width: calc(100% - 2px);\" data-instgrm-permalink=\"https:\/\/www.instagram.com\/reel\/Dc2BeZ8ggbf\/?utm_source=ig_embed&amp;utm_campaign=loading\" data-instgrm-version=\"14\">\n<div style=\"padding: 16px;\">\n<p>&nbsp;<\/p>\n<div style=\"display: flex; flex-direction: row; align-items: center;\">\n<div style=\"background-color: #f4f4f4; border-radius: 50%; flex-grow: 0; height: 40px; margin-right: 14px; width: 40px;\"><\/div>\n<div style=\"display: flex; flex-direction: column; flex-grow: 1; justify-content: center;\">\n<div style=\"background-color: #f4f4f4; border-radius: 4px; flex-grow: 0; height: 14px; margin-bottom: 6px; width: 100px;\"><\/div>\n<div style=\"background-color: #f4f4f4; border-radius: 4px; flex-grow: 0; height: 14px; width: 60px;\"><\/div>\n<\/div>\n<\/div>\n<div style=\"padding: 19% 0;\"><\/div>\n<div style=\"display: block; height: 50px; margin: 0 auto 12px; width: 50px;\"><\/div>\n<div style=\"padding-top: 8px;\">\n<div style=\"color: #3897f0; font-family: Arial,sans-serif; font-size: 14px; font-style: normal; font-weight: 550; line-height: 18px;\">Ver esta publicaci\u00f3n en Instagram<\/div>\n<\/div>\n<div style=\"padding: 12.5% 0;\"><\/div>\n<div style=\"display: flex; flex-direction: row; margin-bottom: 14px; align-items: center;\">\n<div>\n<div style=\"background-color: #f4f4f4; border-radius: 50%; height: 12.5px; width: 12.5px; transform: translateX(0px) translateY(7px);\"><\/div>\n<div style=\"background-color: #f4f4f4; height: 12.5px; transform: rotate(-45deg) translateX(3px) translateY(1px); width: 12.5px; flex-grow: 0; margin-right: 14px; margin-left: 2px;\"><\/div>\n<div style=\"background-color: #f4f4f4; border-radius: 50%; height: 12.5px; width: 12.5px; transform: translateX(9px) translateY(-18px);\"><\/div>\n<\/div>\n<div style=\"margin-left: 8px;\">\n<div style=\"background-color: #f4f4f4; border-radius: 50%; flex-grow: 0; height: 20px; width: 20px;\"><\/div>\n<div style=\"width: 0; height: 0; border-top: 2px solid transparent; border-left: 6px solid #f4f4f4; border-bottom: 2px solid transparent; transform: translateX(16px) translateY(-4px) rotate(30deg);\"><\/div>\n<\/div>\n<div style=\"margin-left: auto;\">\n<div style=\"width: 0px; border-top: 8px solid #F4F4F4; border-right: 8px solid transparent; transform: translateY(16px);\"><\/div>\n<div style=\"background-color: #f4f4f4; flex-grow: 0; height: 12px; width: 16px; transform: translateY(-4px);\"><\/div>\n<div style=\"width: 0; height: 0; border-top: 8px solid #F4F4F4; border-left: 8px solid transparent; transform: translateY(-4px) translateX(8px);\"><\/div>\n<\/div>\n<\/div>\n<div style=\"display: flex; flex-direction: column; flex-grow: 1; justify-content: center; margin-bottom: 24px;\">\n<div style=\"background-color: #f4f4f4; border-radius: 4px; flex-grow: 0; height: 14px; margin-bottom: 6px; width: 224px;\"><\/div>\n<div style=\"background-color: #f4f4f4; border-radius: 4px; flex-grow: 0; height: 14px; width: 144px;\"><\/div>\n<\/div>\n<p>&nbsp;<\/p>\n<p style=\"color: #c9c8cd; font-family: Arial,sans-serif; font-size: 14px; line-height: 17px; margin-bottom: 0; margin-top: 8px; overflow: hidden; padding: 8px 0 7px; text-align: center; text-overflow: ellipsis; white-space: nowrap;\"><a style=\"color: #c9c8cd; font-family: Arial,sans-serif; font-size: 14px; font-style: normal; font-weight: normal; line-height: 17px; text-decoration: none;\" href=\"https:\/\/www.instagram.com\/reel\/Dc2BeZ8ggbf\/?utm_source=ig_embed&amp;utm_campaign=loading\" target=\"_blank\" rel=\"noopener\">Una publicaci\u00f3n compartida por Intersec Buenos Aires (@intersecbuenosaires)<\/a><\/p>\n<\/div>\n<\/blockquote>\n<p><script async src=\"\/\/www.instagram.com\/embed.js\"><\/script><\/p>\n<p>Por su parte, <strong>Fernando Gorbar\u00e1n, CEO de Messe Frankfurt Argentina<\/strong>, destac\u00f3: <em>\u201cEste a\u00f1o Intersec Buenos Aires tiene m\u00e1s de 12.000 metros cuadrados de exposici\u00f3n y m\u00e1s de 120 empresas expositoras. Pero detr\u00e1s de cada uno de esos n\u00fameros hay algo mucho m\u00e1s importante: hay personas, proyectos, negocios, innovaci\u00f3n y oportunidades. Hay profesionales que vienen a buscar respuestas para nuevos desaf\u00edos, empresas que llegan para presentar sus pr\u00f3ximas soluciones y tecnolog\u00edas que por primera vez podr\u00e1n verse en acci\u00f3n. Pero sobre todo hay encuentros que quiz\u00e1s hoy comiencen con una conversaci\u00f3n y ma\u00f1ana se transformen en un nuevo negocio, una alianza o un proyecto\u201d<\/em>.<\/p>\n<h2><span style=\"color: #333399;\">Intersec Buenos Aires: agenda t\u00e9cnica y capacitaci\u00f3n<\/span><\/h2>\n<p>En el segundo d\u00eda de la exposici\u00f3n tambi\u00e9n tuvo lugar la primera jornada del VIII Congreso Nacional de Ergonom\u00eda y Factores Humanos, organizado por la Asociaci\u00f3n de Ergonom\u00eda Argentina. En una nueva edici\u00f3n y bajo el lema \u201cErgonom\u00eda que transforma: experiencias y desaf\u00edos en contextos reales\u201d, la actividad ofreci\u00f3 un espacio para actualizar conocimientos, intercambiar buenas pr\u00e1cticas y conocer las \u00faltimas tendencias de la disciplina.<\/p>\n<p>A su vez, en el marco de la agenda impulsada por CASEL, se llev\u00f3 a cabo una nueva edici\u00f3n del Encuentro Mujeres en Seguridad Electr\u00f3nica, una iniciativa que volvi\u00f3 a reunir a las mujeres que forman parte de la industria para fortalecer v\u00ednculos, generar nuevas conexiones y compartir un momento de networking y camarader\u00eda.<\/p>\n<figure id=\"attachment_189368\" aria-describedby=\"caption-attachment-189368\" style=\"width: 1200px\" class=\"wp-caption alignnone\"><img fetchpriority=\"high\" decoding=\"async\" class=\"size-full wp-image-189368\" src=\"https:\/\/www.itsitio.com\/ar\/wp-content\/uploads\/sites\/2\/2026\/09\/Intersec-Buenos-Aires-2026-reune-a-empresas-y-profesionales-de-la-seguridad-la-prevencion-y-la-gestion-de-riesgos-en-mas-de-12.000-metros-cuadrados-de-exposicion.jpg\" alt=\"Intersec Buenos Aires 2026 re\u00fane a empresas y profesionales de la seguridad, la prevenci\u00f3n y la gesti\u00f3n de riesgos en m\u00e1s de 12.000 metros cuadrados de exposici\u00f3n.\" width=\"1200\" height=\"720\" srcset=\"https:\/\/www.itsitio.com\/ar\/wp-content\/uploads\/sites\/2\/2026\/09\/Intersec-Buenos-Aires-2026-reune-a-empresas-y-profesionales-de-la-seguridad-la-prevencion-y-la-gestion-de-riesgos-en-mas-de-12.000-metros-cuadrados-de-exposicion.jpg 1200w, https:\/\/www.itsitio.com\/ar\/wp-content\/uploads\/sites\/2\/2026\/09\/Intersec-Buenos-Aires-2026-reune-a-empresas-y-profesionales-de-la-seguridad-la-prevencion-y-la-gestion-de-riesgos-en-mas-de-12.000-metros-cuadrados-de-exposicion-300x180.jpg 300w, https:\/\/www.itsitio.com\/ar\/wp-content\/uploads\/sites\/2\/2026\/09\/Intersec-Buenos-Aires-2026-reune-a-empresas-y-profesionales-de-la-seguridad-la-prevencion-y-la-gestion-de-riesgos-en-mas-de-12.000-metros-cuadrados-de-exposicion-1024x614.jpg 1024w, https:\/\/www.itsitio.com\/ar\/wp-content\/uploads\/sites\/2\/2026\/09\/Intersec-Buenos-Aires-2026-reune-a-empresas-y-profesionales-de-la-seguridad-la-prevencion-y-la-gestion-de-riesgos-en-mas-de-12.000-metros-cuadrados-de-exposicion-768x461.jpg 768w\" sizes=\"(max-width: 1200px) 100vw, 1200px\" \/><figcaption id=\"caption-attachment-189368\" class=\"wp-caption-text\">Intersec Buenos Aires 2026 re\u00fane a empresas y profesionales de la seguridad, la prevenci\u00f3n y la gesti\u00f3n de riesgos en m\u00e1s de 12.000 metros cuadrados de exposici\u00f3n.<\/figcaption><\/figure>\n<h2><span style=\"color: #333399;\">Innovaci\u00f3n, prevenci\u00f3n y soluciones para la industria<\/span><\/h2>\n<p>Por su parte, la <strong>C\u00e1mara Argentina de Seguridad (CAS)<\/strong> organiz\u00f3 la charla Instalaciones Fijas contra Incendio: marco t\u00e9cnico-legal, auditor\u00edas y certificaci\u00f3n de normas t\u00e9cnicas, desarrollada por el Grupo IFCI de la entidad. La propuesta se enfoc\u00f3 en los aspectos t\u00e9cnicos y normativos de las instalaciones fijas contra incendio, con herramientas destinadas a garantizar sistemas seguros, auditables y alineados con las normas t\u00e9cnicas y la legislaci\u00f3n vigente.<\/p>\n<p>La c\u00e1mara tambi\u00e9n estuvo a cargo de la realizaci\u00f3n de la conferencia Innovaci\u00f3n tecnol\u00f3gica y prevenci\u00f3n en el \u00e1mbito laboral: experiencias locales y marco normativo, organizada por la Red Argentina de Innovaci\u00f3n para la Prevenci\u00f3n (RAIP). All\u00ed se abordaron experiencias vinculadas con la innovaci\u00f3n tecnol\u00f3gica aplicada a la salud y la seguridad laboral, junto con el intercambio de conocimientos y el an\u00e1lisis de posibles actualizaciones normativas.<\/p>\n<p>A estas actividades se sumaron m\u00e1s Conferencias de los expositores, en las que las empresas participantes presentaron productos, soluciones y desarrollos con el objetivo de promover la capacitaci\u00f3n y el intercambio entre profesionales. Algunas de las compa\u00f1\u00edas que brindaron conferencias fueron <strong>Compass Latam, Motorola Solutions, Libus, HDT NewForce, Big Dipper, Bioseif, Proseind, CEMLA, Tope Urbano, Melisam, Proseind, Portwest, CityMesh, Kamet y Elektro Korrosi\u00f3n<\/strong>.<\/p>\n<p>Organizada por la <strong>C\u00e1mara Argentina de Seguridad Electr\u00f3nica (CASEL), la C\u00e1mara Argentina de Seguridad (CAS) y Messe Frankfurt Argentina<\/strong>, <a href=\"https:\/\/www.itsitio.com\/ar\/seguridad\/intersec-buenos-aires-2026-reunira-a-la-industria-de-la-seguridad-con-foco-en-tecnologia-prevencion-y-negocios\/\"><strong>Intersec Buenos Aires 2026<\/strong><\/a> cerrar\u00e1 sus puertas el 4 de septiembre.<\/p>\n","protected":false},"excerpt":{"rendered":"<p>Transit\u00f3 su segunda jornada con conferencias, congresos, networking y demostraciones de tecnolog\u00edas y soluciones para la seguridad, la prevenci\u00f3n y la gesti\u00f3n de riesgos.<\/p>\n","protected":false},"author":229,"featured_media":189385,"comment_status":"closed","ping_status":"closed","sticky":false,"template":"","format":"standard","meta":{"site-sidebar-layout":"default","site-content-layout":"","ast-site-content-layout":"default","site-content-style":"default","site-sidebar-style":"default","ast-global-header-display":"","ast-banner-title-visibility":"","ast-main-header-display":"","ast-hfb-above-header-display":"","ast-hfb-below-header-display":"","ast-hfb-mobile-header-display":"","site-post-title":"","ast-breadcrumbs-content":"","ast-featured-img":"","footer-sml-layout":"","ast-disable-related-posts":"","theme-transparent-header-meta":"default","adv-header-id-meta":"","stick-header-meta":"","header-above-stick-meta":"","header-main-stick-meta":"","header-below-stick-meta":"","astra-migrate-meta-layouts":"set","ast-page-background-enabled":"default","ast-page-background-meta":{"desktop":{"background-color":"var(--ast-global-color-4)","background-image":"","background-repeat":"repeat","background-position":"center center","background-size":"auto","background-attachment":"scroll","background-type":"","background-media":"","overlay-type":"","overlay-color":"","overlay-opacity":"","overlay-gradient":""},"tablet":{"background-color":"","background-image":"","background-repeat":"repeat","background-position":"center center","background-size":"auto","background-attachment":"scroll","background-type":"","background-media":"","overlay-type":"","overlay-color":"","overlay-opacity":"","overlay-gradient":""},"mobile":{"background-color":"","background-image":"","background-repeat":"repeat","background-position":"center center","background-size":"auto","background-attachment":"scroll","background-type":"","background-media":"","overlay-type":"","overlay-color":"","overlay-opacity":"","overlay-gradient":""}},"ast-content-background-meta":{"desktop":{"background-color":"var(--ast-global-color-5)","background-image":"","background-repeat":"repeat","background-position":"center center","background-size":"auto","background-attachment":"scroll","background-type":"","background-media":"","overlay-type":"","overlay-color":"","overlay-opacity":"","overlay-gradient":""},"tablet":{"background-color":"var(--ast-global-color-5)","background-image":"","background-repeat":"repeat","background-position":"center center","background-size":"auto","background-attachment":"scroll","background-type":"","background-media":"","overlay-type":"","overlay-color":"","overlay-opacity":"","overlay-gradient":""},"mobile":{"background-color":"var(--ast-global-color-5)","background-image":"","background-repeat":"repeat","background-position":"center center","background-size":"auto","background-attachment":"scroll","background-type":"","background-media":"","overlay-type":"","overlay-color":"","overlay-opacity":"","overlay-gradient":""}},"footnotes":""},"categories":[117],"tags":[1258,1259,1235],"class_list":["post-189364","post","type-post","status-publish","format-standard","has-post-thumbnail","hentry","category-eventos","tag-camara-argentina-de-seguridad","tag-camara-argentina-de-seguridad-electronica","tag-intersec"],"_links":{"self":[{"href":"https:\/\/www.itsitio.com\/ar\/wp-json\/wp\/v2\/posts\/189364","targetHints":{"allow":["GET"]}}],"collection":[{"href":"https:\/\/www.itsitio.com\/ar\/wp-json\/wp\/v2\/posts"}],"about":[{"href":"https:\/\/www.itsitio.com\/ar\/wp-json\/wp\/v2\/types\/post"}],"author":[{"embeddable":true,"href":"https:\/\/www.itsitio.com\/ar\/wp-json\/wp\/v2\/users\/229"}],"replies":[{"embeddable":true,"href":"https:\/\/www.itsitio.com\/ar\/wp-json\/wp\/v2\/comments?post=189364"}],"version-history":[{"count":3,"href":"https:\/\/www.itsitio.com\/ar\/wp-json\/wp\/v2\/posts\/189364\/revisions"}],"predecessor-version":[{"id":189387,"href":"https:\/\/www.itsitio.com\/ar\/wp-json\/wp\/v2\/posts\/189364\/revisions\/189387"}],"wp:featuredmedia":[{"embeddable":true,"href":"https:\/\/www.itsitio.com\/ar\/wp-json\/wp\/v2\/media\/189385"}],"wp:attachment":[{"href":"https:\/\/www.itsitio.com\/ar\/wp-json\/wp\/v2\/media?parent=189364"}],"wp:term":[{"taxonomy":"category","embeddable":true,"href":"https:\/\/www.itsitio.com\/ar\/wp-json\/wp\/v2\/categories?post=189364"},{"taxonomy":"post_tag","embeddable":true,"href":"https:\/\/www.itsitio.com\/ar\/wp-json\/wp\/v2\/tags?post=189364"}],"curies":[{"name":"wp","href":"https:\/\/api.w.org\/{rel}","templated":true}]}}