{"id":185581,"date":"2026-03-31T17:44:49","date_gmt":"2026-03-31T20:44:49","guid":{"rendered":"https:\/\/www.itsitio.com\/ar\/?p=185581"},"modified":"2026-03-31T18:06:54","modified_gmt":"2026-03-31T21:06:54","slug":"angel-perez-puletti-la-economia-del-conocimiento-en-argentina-es-el-tercer-sector-exportador-exporta-9000-millones-de-dolares","status":"publish","type":"post","link":"https:\/\/www.itsitio.com\/ar\/inteligencia-artificial\/angel-perez-puletti-la-economia-del-conocimiento-en-argentina-es-el-tercer-sector-exportador-exporta-9000-millones-de-dolares\/","title":{"rendered":"\u00c1ngel P\u00e9rez Puletti: \u201cLa econom\u00eda del conocimiento en Argentina es el tercer sector exportador, exporta 9000 millones de d\u00f3lares&#8221;"},"content":{"rendered":"<div class=\"ast-oembed-container \" style=\"height: 100%;\"><iframe title=\"Future Talks: \u00c1ngel P\u00e9rez Puletti, CEO de Baufest\" width=\"500\" height=\"281\" src=\"https:\/\/www.youtube.com\/embed\/50LV5fU1pwU?feature=oembed\" frameborder=\"0\" allow=\"accelerometer; autoplay; clipboard-write; encrypted-media; gyroscope; picture-in-picture; web-share\" referrerpolicy=\"strict-origin-when-cross-origin\" allowfullscreen><\/iframe><\/div>\n<p data-start=\"438\" data-end=\"1105\">En el marco de <span class=\"hover:entity-accent entity-underline inline cursor-pointer align-baseline\"><span class=\"whitespace-normal\">Future Talks<\/span><\/span>, el ciclo de entrevistas enfocado en tendencias tecnol\u00f3gicas y negocios digitales, <strong><span class=\"hover:entity-accent entity-underline inline cursor-pointer align-baseline\"><span class=\"whitespace-normal\">\u00c1ngel P\u00e9rez Puletti<\/span><\/span><\/strong> comparti\u00f3 su mirada sobre el presente y futuro de la industria del software, el impacto de la inteligencia artificial (IA) y el posicionamiento de Argentina en el mapa global de la econom\u00eda del conocimiento.<\/p>\n<p data-start=\"438\" data-end=\"1105\">Durante la conversaci\u00f3n, el ejecutivo comenz\u00f3 delineando el rol que ocupa <a href=\"https:\/\/www.itsitio.com\/ar\/inteligencia-artificial\/la-ia-como-motor-de-transformacion-empresarial-12-casos-de-uso-clave-de-baufest\/\"><span class=\"hover:entity-accent entity-underline inline cursor-pointer align-baseline\"><span class=\"whitespace-normal\">Baufest<\/span><\/span><\/a> dentro del ecosistema IT. Seg\u00fan explic\u00f3, la compa\u00f1\u00eda se especializa en el desarrollo de soluciones digitales a medida, especialmente para grandes organizaciones que no encuentran respuestas en productos est\u00e1ndar del mercado. <em>\u201cNosotros somos una empresa de origen argentino que hace lo que hoy podr\u00edamos llamar productos digitales, en definitiva, software para empresas medianas, pero sobre todo grandes, cuando la empresa no encuentra un producto en el mercado que le resuelva su problema y tiene que recurrir a hacer un producto a medida\u201d,<\/em> se\u00f1al\u00f3.<\/p>\n<p data-start=\"1107\" data-end=\"1460\">En esa misma l\u00ednea, destac\u00f3 que el trabajo de la compa\u00f1\u00eda no se limita al desarrollo desde cero, sino que tambi\u00e9n abarca la integraci\u00f3n de sistemas ya existentes dentro de las organizaciones. <em>\u201cTambien. muchas veces los clientes tienen un producto ac\u00e1, otro producto all\u00e1 y tienen que hablarse en el medio y nosotros tambi\u00e9n hacemos ese trabajo\u201d<\/em>, agreg\u00f3.<\/p>\n<h2 data-section-id=\"17obz3s\" data-start=\"1462\" data-end=\"1517\"><span style=\"color: #333399;\">Inteligencia artificial: el eje de la transformaci\u00f3n<\/span><\/h2>\n<p data-start=\"1519\" data-end=\"2474\">La conversaci\u00f3n avanz\u00f3 r\u00e1pidamente hacia uno de los temas centrales del momento: la inteligencia artificial. En ese sentido, P\u00e9rez Puletti fue contundente al describir su impacto actual en la industria: <em>\u201cTotalmente. Hoy te dir\u00eda que es el tema\u201d.<\/em> El CEO explic\u00f3 que la adopci\u00f3n de nuevas tecnolog\u00edas suele estar vinculada a la b\u00fasqueda de ventajas competitivas, lo que impulsa el desarrollo de soluciones personalizadas. <em>\u201cMuchas veces, cuando los clientes quieren ganar una ventaja competitiva utilizando una tecnolog\u00eda nueva, hacen desarrollos de software a medida. Entonces, la situaci\u00f3n de &#8220;sali\u00f3 una nueva tecnolog\u00eda, \u00bfpor qu\u00e9 no probamos de hacer algo a medida con esta nueva tecnolog\u00eda que todav\u00eda no est\u00e1 en los productos?&#8221; es una situaci\u00f3n muy com\u00fan. Y hoy esa situaci\u00f3n es con inteligencia artificial. O sea, mucho de lo que nosotros estamos haciendo para los clientes y nosotros en la forma de construir, es con inteligencia artificial\u201d<\/em>, explic\u00f3.<\/p>\n<p data-start=\"2476\" data-end=\"3286\">Al profundizar sobre qu\u00e9 est\u00e1n demandando concretamente las empresas, el ejecutivo diferenci\u00f3 dos grandes l\u00edneas de trabajo. Por un lado, el uso de herramientas de IA como asistentes para mejorar la productividad diaria; y por otro, la transformaci\u00f3n de procesos completos mediante la incorporaci\u00f3n de estas tecnolog\u00edas. <em>\u201cTe dir\u00eda que el enfoque con respecto a inteligencia artificial tiene 2 cosas, por un lado buscar una mejora de productividad general (\u2026) Pero el otro tema es c\u00f3mo usar inteligencia artificial para repensar un proceso de trabajo que antes se hac\u00eda de una determinada forma y ahora con la inteligencia artificial tal vez lo podr\u00edamos hacer de otra\u201d<\/em>, detall\u00f3. En ese marco, aclar\u00f3 que el foco de Baufest est\u00e1 principalmente en este segundo aspecto, vinculado a la redefinici\u00f3n de procesos.<\/p>\n<p data-start=\"3288\" data-end=\"3433\">Asimismo, confirm\u00f3 que muchas compa\u00f1\u00edas tambi\u00e9n est\u00e1n explorando la IA como motor para la creaci\u00f3n de nuevos productos y servicios: <em>\u201cTotalmente\u201d.<\/em><\/p>\n<h2 data-section-id=\"1y49z1c\" data-start=\"3435\" data-end=\"3482\"><span style=\"color: #333399;\">El mercado argentino y el contexto econ\u00f3mico<\/span><\/h2>\n<p data-start=\"3484\" data-end=\"4018\">En cuanto al contexto local, P\u00e9rez Puletti analiz\u00f3 la evoluci\u00f3n reciente del mercado argentino, marcado por la incertidumbre pol\u00edtica y econ\u00f3mica. Seg\u00fan indic\u00f3, antes de los procesos electorales se produjo una desaceleraci\u00f3n en la toma de decisiones de inversi\u00f3n. <em>\u201cPrevio a las elecciones hubo un parate en la toma de decisiones en las compa\u00f1\u00edas\u201d<\/em>, sostuvo. Sin embargo, remarc\u00f3 que tras ese per\u00edodo comenz\u00f3 a reactivarse la actividad, especialmente en el sector tecnol\u00f3gico, al que defini\u00f3 como din\u00e1mico por naturaleza.<\/p>\n<p data-start=\"4020\" data-end=\"4572\">En este punto, introdujo una reflexi\u00f3n m\u00e1s amplia sobre el momento hist\u00f3rico actual, al que describi\u00f3 como una transici\u00f3n estructural.<em> \u201cA m\u00ed me gusta pensar que nosotros, cuando se hable de nuestra generaci\u00f3n en el futuro, se va a hablar de la gran migraci\u00f3n\u201d<\/em>, afirm\u00f3. Y ampli\u00f3: <em>\u201cDe c\u00f3mo fue en la \u00e9poca de la Revoluci\u00f3n Industrial o como fue en la posguerra que la gente migr\u00f3 del campo a la ciudad. Nosotros estamos migrando del mundo material <\/em><em>al mundo digital. Cada vez m\u00e1s nuestras actividades suceden en ese mundo y ese mundo hay que construirlo\u201d.<\/em><\/p>\n<figure id=\"attachment_183864\" aria-describedby=\"caption-attachment-183864\" style=\"width: 1200px\" class=\"wp-caption alignnone\"><img fetchpriority=\"high\" decoding=\"async\" class=\"wp-image-183864 size-full\" src=\"https:\/\/www.itsitio.com\/ar\/wp-content\/uploads\/sites\/2\/2025\/11\/Seguridad-IA.webp\" alt=\"La inteligencia artificial se consolida como un factor clave para mejorar la productividad y la competitividad empresarial.\" width=\"1200\" height=\"582\" srcset=\"https:\/\/www.itsitio.com\/ar\/wp-content\/uploads\/sites\/2\/2025\/11\/Seguridad-IA.webp 1200w, https:\/\/www.itsitio.com\/ar\/wp-content\/uploads\/sites\/2\/2025\/11\/Seguridad-IA-300x146.webp 300w, https:\/\/www.itsitio.com\/ar\/wp-content\/uploads\/sites\/2\/2025\/11\/Seguridad-IA-1024x497.webp 1024w, https:\/\/www.itsitio.com\/ar\/wp-content\/uploads\/sites\/2\/2025\/11\/Seguridad-IA-768x372.webp 768w\" sizes=\"(max-width: 1200px) 100vw, 1200px\" \/><figcaption id=\"caption-attachment-183864\" class=\"wp-caption-text\">La inteligencia artificial se consolida como un factor clave para mejorar la productividad y la competitividad empresarial.<\/figcaption><\/figure>\n<h2 data-section-id=\"18x7b3i\" data-start=\"4574\" data-end=\"4615\"><span style=\"color: #333399;\">IA, productividad y relaciones humanas<\/span><\/h2>\n<p data-start=\"4617\" data-end=\"4998\">Consultado sobre el impacto de la IA en las din\u00e1micas humanas, el CEO reconoci\u00f3 que se trata de un fen\u00f3meno con m\u00faltiples aristas. <em>\u201cMe parece que es una observaci\u00f3n pertinente. Porque aparte, creo que los seres humanos buscamos la conversaci\u00f3n como algo que nos arropa\u201d<\/em>, reflexion\u00f3, en relaci\u00f3n a la posibilidad de que la automatizaci\u00f3n reduzca la interacci\u00f3n entre personas.<\/p>\n<p data-start=\"5000\" data-end=\"5421\">Puertas adentro de Baufest, el impacto de la <a href=\"https:\/\/www.itsitio.com\/ar\/dispositivos\/lg-presenta-en-argentina-su-nueva-generacion-de-electrodomesticos-con-inteligencia-artificial\/\">inteligencia artificial<\/a> ya es tangible en todos los niveles del proceso productivo. <em>\u201cNuestro trabajo lo cambi\u00f3 enormemente\u201d<\/em>, asegur\u00f3. <em>\u201cNosotros tenemos, como cualquier empresa, procesos de trabajo. Lo nuestro es proceso de construcci\u00f3n de software y en cada una de las etapas del proceso de construcci\u00f3n de software, hoy estamos usando inteligencia artificial para cada cosa\u201d.<\/em><\/p>\n<h2 data-section-id=\"d4ngnn\" data-start=\"5423\" data-end=\"5482\"><span style=\"color: #333399;\">Talento y el nuevo perfil profesional en la era de la IA<\/span><\/h2>\n<p data-start=\"5484\" data-end=\"5880\">Sin embargo, relativiz\u00f3 la idea de que estas tecnolog\u00edas vayan a reemplazar completamente a los profesionales. <em>\u201cA m\u00ed me parece que ah\u00ed hay una apreciaci\u00f3n que hay que matizarla\u201d<\/em>, advirti\u00f3. Para explicar su visi\u00f3n, recurri\u00f3 a una analog\u00eda con la industria de la construcci\u00f3n, destacando que, si bien existen avances hacia la automatizaci\u00f3n, el rol humano sigue siendo clave en proyectos complejos.<\/p>\n<p data-start=\"5882\" data-end=\"6290\">En t\u00e9rminos de talento, dej\u00f3 en claro que los perfiles est\u00e1n evolucionando hacia una integraci\u00f3n cada vez m\u00e1s fluida con herramientas de IA. <em>\u201cTienen que venir con inteligencia artificial, tienen que poder trabajar en forma fluida ayud\u00e1ndose con inteligencia artificial\u201d<\/em>, afirm\u00f3. Y grafic\u00f3 este cambio con una met\u00e1fora: <em>\u201cAntes ten\u00edamos un exoesqueleto un poco m\u00e1s chico y ahora tenemos uno m\u00e1s power\u201d.<\/em><\/p>\n<p data-start=\"6292\" data-end=\"6812\">Aun as\u00ed, defendi\u00f3 la importancia de la formaci\u00f3n acad\u00e9mica, especialmente para abordar desarrollos cr\u00edticos. <em>\u201cYo considero que estudiar lo que uno va a hacer suma\u201d<\/em>, se\u00f1al\u00f3, al tiempo que explic\u00f3 que Baufest trabaja sobre soluciones complejas que impactan directamente en el core de negocio de sus clientes. <em>\u201cHacemos cosas que est\u00e1n en el core business de nuestros negocios, en el coraz\u00f3n de los negocios de las empresas, que si se rompe, alguien llama por tel\u00e9fono diciendo que no pueden vender y no pueden producir\u201d.<\/em><\/p>\n<h2 data-section-id=\"1nh03wi\" data-start=\"6814\" data-end=\"6868\"><span style=\"color: #333399;\">Argentina frente al mundo: oportunidades y desaf\u00edos<\/span><\/h2>\n<p data-start=\"6870\" data-end=\"7369\">Al analizar la posici\u00f3n de Argentina frente a otros mercados, P\u00e9rez Puletti plante\u00f3 una mirada dual. Por un lado, consider\u00f3 que el pa\u00eds es relativamente conservador en la adopci\u00f3n tecnol\u00f3gica dentro de su matriz productiva.<em> \u201cArgentina, comparada con otros pa\u00edses, est\u00e1 buen\u00edsimo en un mont\u00f3n de cosas en este rubro. Es un pa\u00eds relativamente conservador en el uso de la tecnolog\u00eda cuando vos lo comparas con algunos otros pa\u00edses\u201d<\/em>, afirm\u00f3, mencionando como referencia a Estados Unidos, M\u00e9xico y Brasil.<\/p>\n<p data-start=\"7371\" data-end=\"7753\">No obstante, destac\u00f3 el potencial del pa\u00eds en el \u00e1mbito de la econom\u00eda del conocimiento, donde identific\u00f3 ventajas competitivas claras. En particular, subray\u00f3 la capacidad exportadora del sector: <em>\u201cLa econom\u00eda del conocimiento en Argentina es el tercer sector exportador, exporta 9000 millones de d\u00f3lares y muchas veces no se sabe que la Argentina tiene tanta potencia en este tema\u201d.<\/em><\/p>\n<p data-start=\"7755\" data-end=\"8113\">En relaci\u00f3n con la inteligencia artificial, consider\u00f3 que las oportunidades para el pa\u00eds son significativas, tanto por su infraestructura potencial como por el talento disponible. Adem\u00e1s, remarc\u00f3 que muchas empresas locales trabajan para mercados m\u00e1s avanzados, lo que permite incorporar conocimiento y experiencia que luego podr\u00eda aplicarse a nivel interno.<\/p>\n<figure id=\"attachment_181537\" aria-describedby=\"caption-attachment-181537\" style=\"width: 1200px\" class=\"wp-caption alignnone\"><img decoding=\"async\" class=\"wp-image-181537 size-full\" src=\"https:\/\/www.itsitio.com\/ar\/wp-content\/uploads\/sites\/2\/2025\/07\/Orquestacion-segura-y-escalable-de-agentes-de-IA-con-las-nuevas-capacidades-de-MuleSoft.webp\" alt=\"La coordinaci\u00f3n entre m\u00faltiples agentes inteligentes aparece como el pr\u00f3ximo paso en la automatizaci\u00f3n.\" width=\"1200\" height=\"582\" srcset=\"https:\/\/www.itsitio.com\/ar\/wp-content\/uploads\/sites\/2\/2025\/07\/Orquestacion-segura-y-escalable-de-agentes-de-IA-con-las-nuevas-capacidades-de-MuleSoft.webp 1200w, https:\/\/www.itsitio.com\/ar\/wp-content\/uploads\/sites\/2\/2025\/07\/Orquestacion-segura-y-escalable-de-agentes-de-IA-con-las-nuevas-capacidades-de-MuleSoft-300x146.webp 300w, https:\/\/www.itsitio.com\/ar\/wp-content\/uploads\/sites\/2\/2025\/07\/Orquestacion-segura-y-escalable-de-agentes-de-IA-con-las-nuevas-capacidades-de-MuleSoft-1024x497.webp 1024w, https:\/\/www.itsitio.com\/ar\/wp-content\/uploads\/sites\/2\/2025\/07\/Orquestacion-segura-y-escalable-de-agentes-de-IA-con-las-nuevas-capacidades-de-MuleSoft-768x372.webp 768w\" sizes=\"(max-width: 1200px) 100vw, 1200px\" \/><figcaption id=\"caption-attachment-181537\" class=\"wp-caption-text\">La coordinaci\u00f3n entre m\u00faltiples agentes inteligentes aparece como el pr\u00f3ximo paso en la automatizaci\u00f3n.<\/figcaption><\/figure>\n<h2 data-section-id=\"d1917b\" data-start=\"8115\" data-end=\"8172\"><span style=\"color: #333399;\">Lo que viene: agentes de IA y convergencia tecnol\u00f3gica<\/span><\/h2>\n<p data-start=\"8174\" data-end=\"8547\">Finalmente, al proyectar el futuro de la tecnolog\u00eda, el CEO puso el foco en la evoluci\u00f3n de los <a href=\"https:\/\/www.itsitio.com\/ar\/inteligencia-artificial\/el-itba-e-ingenia-presentan-las-claves-de-los-agentes-de-ia-casos-reales-de-autonomia-e-impacto\/\">agentes de IA<\/a>. <em>\u201cLo que te dir\u00eda que seguro va a pasar es esta cosa de la computaci\u00f3n ag\u00e9ntica, los agentes y dem\u00e1s se va a empezar a hacer m\u00e1s realidad\u201d<\/em>, anticip\u00f3. Sin embargo, advirti\u00f3 que a\u00fan existe una brecha entre el potencial te\u00f3rico y las aplicaciones pr\u00e1cticas actuales.<\/p>\n<p data-start=\"8549\" data-end=\"9003\" data-is-last-node=\"\" data-is-only-node=\"\">En ese camino, vislumbr\u00f3 una evoluci\u00f3n hacia sistemas m\u00e1s complejos, donde agentes coordinen a otros agentes, y tambi\u00e9n destac\u00f3 el potencial de convergencia entre disciplinas. <em>\u201cLa vinculaci\u00f3n entre la inteligencia artificial, software, biolog\u00eda, gen\u00e9tica, digamos por ah\u00ed creo que puede haber un salto importante de novedades\u201d<\/em>, concluy\u00f3, abriendo la puerta a futuros avances en \u00e1reas como la bioinform\u00e1tica, el desarrollo de f\u00e1rmacos y nuevos materiales.<\/p>\n<h3 data-start=\"8549\" data-end=\"9003\"><span style=\"color: #333399;\">Leer m\u00e1s<\/span><\/h3>\n<ul>\n<li class=\"elementor-heading-title elementor-size-default\"><a href=\"https:\/\/www.itsitio.com\/ar\/inteligencia-artificial\/nahuel-bello-cada-una-de-las-transacciones-de-mastercard-tiene-un-score-de-inteligencia-artificial\/\">Nahuel Bello: \u201cCada una de las transacciones de Mastercard tiene un score de inteligencia artificial\u201d<\/a><\/li>\n<li class=\"elementor-heading-title elementor-size-default\"><a href=\"https:\/\/www.itsitio.com\/ar\/inteligencia-artificial\/como-los-agentes-inteligentes-estan-cambiando-el-desarrollo-de-software-y-procesos\/\">C\u00f3mo los agentes inteligentes est\u00e1n cambiando el desarrollo de software y procesos<\/a><\/li>\n<li class=\"elementor-heading-title elementor-size-default\"><a href=\"https:\/\/www.itsitio.com\/ar\/inteligencia-artificial\/las-3-claves-de-ibm-para-una-adopcion-empresarial-de-ia-segura\/\">Las 3 claves de IBM para una adopci\u00f3n empresarial de IA segura<\/a><\/li>\n<\/ul>\n","protected":false},"excerpt":{"rendered":"<p>En el marco de Future Talks, \u00c1ngel P\u00e9rez Puletti analiz\u00f3 c\u00f3mo la inteligencia artificial est\u00e1 redefiniendo el desarrollo de software, transformando los procesos de negocio y abriendo nuevas oportunidades para Argentina en la econom\u00eda del conocimiento.<\/p>\n","protected":false},"author":226,"featured_media":185582,"comment_status":"closed","ping_status":"closed","sticky":false,"template":"","format":"standard","meta":{"site-sidebar-layout":"default","site-content-layout":"","ast-site-content-layout":"default","site-content-style":"default","site-sidebar-style":"default","ast-global-header-display":"","ast-banner-title-visibility":"","ast-main-header-display":"","ast-hfb-above-header-display":"","ast-hfb-below-header-display":"","ast-hfb-mobile-header-display":"","site-post-title":"","ast-breadcrumbs-content":"","ast-featured-img":"","footer-sml-layout":"","ast-disable-related-posts":"","theme-transparent-header-meta":"default","adv-header-id-meta":"","stick-header-meta":"","header-above-stick-meta":"","header-main-stick-meta":"","header-below-stick-meta":"","astra-migrate-meta-layouts":"set","ast-page-background-enabled":"default","ast-page-background-meta":{"desktop":{"background-color":"var(--ast-global-color-4)","background-image":"","background-repeat":"repeat","background-position":"center center","background-size":"auto","background-attachment":"scroll","background-type":"","background-media":"","overlay-type":"","overlay-color":"","overlay-opacity":"","overlay-gradient":""},"tablet":{"background-color":"","background-image":"","background-repeat":"repeat","background-position":"center center","background-size":"auto","background-attachment":"scroll","background-type":"","background-media":"","overlay-type":"","overlay-color":"","overlay-opacity":"","overlay-gradient":""},"mobile":{"background-color":"","background-image":"","background-repeat":"repeat","background-position":"center center","background-size":"auto","background-attachment":"scroll","background-type":"","background-media":"","overlay-type":"","overlay-color":"","overlay-opacity":"","overlay-gradient":""}},"ast-content-background-meta":{"desktop":{"background-color":"var(--ast-global-color-5)","background-image":"","background-repeat":"repeat","background-position":"center center","background-size":"auto","background-attachment":"scroll","background-type":"","background-media":"","overlay-type":"","overlay-color":"","overlay-opacity":"","overlay-gradient":""},"tablet":{"background-color":"var(--ast-global-color-5)","background-image":"","background-repeat":"repeat","background-position":"center center","background-size":"auto","background-attachment":"scroll","background-type":"","background-media":"","overlay-type":"","overlay-color":"","overlay-opacity":"","overlay-gradient":""},"mobile":{"background-color":"var(--ast-global-color-5)","background-image":"","background-repeat":"repeat","background-position":"center center","background-size":"auto","background-attachment":"scroll","background-type":"","background-media":"","overlay-type":"","overlay-color":"","overlay-opacity":"","overlay-gradient":""}},"footnotes":""},"categories":[65],"tags":[417,772],"class_list":["post-185581","post","type-post","status-publish","format-standard","has-post-thumbnail","hentry","category-inteligencia-artificial","tag-baufest","tag-future-talks"],"_links":{"self":[{"href":"https:\/\/www.itsitio.com\/ar\/wp-json\/wp\/v2\/posts\/185581","targetHints":{"allow":["GET"]}}],"collection":[{"href":"https:\/\/www.itsitio.com\/ar\/wp-json\/wp\/v2\/posts"}],"about":[{"href":"https:\/\/www.itsitio.com\/ar\/wp-json\/wp\/v2\/types\/post"}],"author":[{"embeddable":true,"href":"https:\/\/www.itsitio.com\/ar\/wp-json\/wp\/v2\/users\/226"}],"replies":[{"embeddable":true,"href":"https:\/\/www.itsitio.com\/ar\/wp-json\/wp\/v2\/comments?post=185581"}],"version-history":[{"count":0,"href":"https:\/\/www.itsitio.com\/ar\/wp-json\/wp\/v2\/posts\/185581\/revisions"}],"wp:featuredmedia":[{"embeddable":true,"href":"https:\/\/www.itsitio.com\/ar\/wp-json\/wp\/v2\/media\/185582"}],"wp:attachment":[{"href":"https:\/\/www.itsitio.com\/ar\/wp-json\/wp\/v2\/media?parent=185581"}],"wp:term":[{"taxonomy":"category","embeddable":true,"href":"https:\/\/www.itsitio.com\/ar\/wp-json\/wp\/v2\/categories?post=185581"},{"taxonomy":"post_tag","embeddable":true,"href":"https:\/\/www.itsitio.com\/ar\/wp-json\/wp\/v2\/tags?post=185581"}],"curies":[{"name":"wp","href":"https:\/\/api.w.org\/{rel}","templated":true}]}}