{"id":181100,"date":"2025-05-29T09:14:03","date_gmt":"2025-05-29T12:14:03","guid":{"rendered":"https:\/\/nuevoitsitio1.wpenginepowered.com\/ar\/sin-categoria\/electronics-home-2025-se-anuncia-la-quinta-edicion-del-evento-que-conecta-tecnologia-diseno-y-equipamiento-para-el-hogar\/"},"modified":"2025-11-21T15:59:53","modified_gmt":"2025-11-21T18:59:53","slug":"electronics-home-2025-se-anuncia-la-quinta-edicion-del-evento-que-conecta-tecnologia-diseno-y-equipamiento-para-el-hogar","status":"publish","type":"post","link":"https:\/\/www.itsitio.com\/ar\/eventos\/electronics-home-2025-se-anuncia-la-quinta-edicion-del-evento-que-conecta-tecnologia-diseno-y-equipamiento-para-el-hogar\/","title":{"rendered":"Electronics Home 2025: se anuncia la quinta edici\u00f3n del evento que conecta tecnolog\u00eda, dise\u00f1o y equipamiento para el hogar"},"content":{"rendered":"<p dir=\"ltr\"><span data-olk-copy-source=\"MessageBody\">Consolidado como el evento internacional <strong>B2B<\/strong> m\u00e1s convocante del rubro, <strong>Electronics Home<\/strong> celebrar\u00e1 su quinta edici\u00f3n en Buenos Aires los d\u00edas 30 de junio, 1 y 2 de julio, en el <strong>Centro Costa Salguero.<\/strong> Organizado por <strong>Grupo Eletrolar Argentina<\/strong> y <strong>Azul Play<\/strong>, el encuentro se posiciona como el principal espacio de negocios para los sectores de electrodom\u00e9sticos, art\u00edculos para el hogar, tecnolog\u00eda, dise\u00f1o, mobiliario y m\u00e1s.<\/span><\/p>\n<p dir=\"ltr\">Este a\u00f1o, el evento incorpora nuevas categor\u00edas y prev\u00e9 una participaci\u00f3n r\u00e9cord: m\u00e1s de 1.500 productos exhibidos, 350 marcas nacionales e internacionales, 100 stands distribuidos en 5.000 m\u00b2 de exposici\u00f3n, y una asistencia que esperan superar los 6.000 profesionales del sector.<\/p>\n<p dir=\"ltr\"><em>\u201cElectronics Home es una feria exclusiva para profesionales que crece a\u00f1o a a\u00f1o y estamos muy contentos de poder presentar la 5ta edici\u00f3n. Desde los inicios, fue pensada para impulsar la innovaci\u00f3n, promover nuevos negocios y fortalecer el v\u00ednculo cara a cara entre fabricantes, distribuidores, compradores, importadores, exportadores y operadores del comercio electr\u00f3nico\u201d<\/em>,\u00a0afirma<strong> Carlos Clur<\/strong>, CEO de Grupo Eletrolar y organizador del evento.<\/p>\n<h3 dir=\"ltr\"><span style=\"color: #000080\">Novedad 2025: Electronics Home Forum<\/span><\/h3>\n<p dir=\"ltr\">Una de las grandes novedades de esta edici\u00f3n es la realizaci\u00f3n, por primera vez, del Electronics Home Forum, un espacio exclusivo que tendr\u00e1 lugar el 2 de julio en el marco del evento.<\/p>\n<p dir=\"ltr\">El Forum reunir\u00e1 a especialistas, l\u00edderes de la industria, referentes del retail y del canal digital, en una jornada de conferencias y paneles destinados a debatir las tendencias del mercado, los desaf\u00edos del ecosistema comercial y las oportunidades de crecimiento para los distintos actores del sector. Ser\u00e1 un espacio estrat\u00e9gico de di\u00e1logo e intercambio que apunta a enriquecer la experiencia de los asistentes con contenido de valor y visi\u00f3n de futuro.<\/p>\n<p dir=\"ltr\"><em>\u201cElectronics Home naci\u00f3 con la idea de conectar a la industria en un espacio de negocios \u00fanico, y profesional. Cinco a\u00f1os despu\u00e9s, el crecimiento ha sido notable, y con \u201cElectronics Home Forum\u201d damos un paso m\u00e1s para generar contenidos estrat\u00e9gicos que complementan la exposici\u00f3n. Queremos seguir impulsando el desarrollo del mercado y sumar valor a cada encuentro\u201d<\/em>, agrega Carlos Clur.<\/p>\n<figure id=\"attachment_181101\" aria-describedby=\"caption-attachment-181101\" style=\"width: 1729px\" class=\"wp-caption alignnone\"><img decoding=\"async\" class=\"wp-image-181101 size-full\" src=\"https:\/\/www.itsitio.com\/ar\/wp-content\/uploads\/sites\/4\/2025\/05\/elctronic-home.webp\" alt=\"width=\" height=\"1048\" srcset=\"https:\/\/www.itsitio.com\/ar\/wp-content\/uploads\/sites\/2\/2025\/05\/elctronic-home.webp 1729w, https:\/\/www.itsitio.com\/ar\/wp-content\/uploads\/sites\/2\/2025\/05\/elctronic-home-300x182.webp 300w, https:\/\/www.itsitio.com\/ar\/wp-content\/uploads\/sites\/2\/2025\/05\/elctronic-home-1024x621.webp 1024w, https:\/\/www.itsitio.com\/ar\/wp-content\/uploads\/sites\/2\/2025\/05\/elctronic-home-768x466.webp 768w, https:\/\/www.itsitio.com\/ar\/wp-content\/uploads\/sites\/2\/2025\/05\/elctronic-home-1536x931.webp 1536w\" sizes=\"(max-width: 1729px) 100vw, 1729px\" \/><figcaption id=\"caption-attachment-181101\" class=\"wp-caption-text\">Juan Cruz Grondona, Director comercial de Electronics Home, junto a Carlos Clur, CEO de Grupo Eletrolar y organizadores del evento.<\/figcaption><\/figure>\n<h3 dir=\"ltr\"><span style=\"color: #000080\">Categor\u00edas de este a\u00f1o\u00a0<\/span><\/h3>\n<p dir=\"ltr\">Esta edici\u00f3n incluir\u00e1 las siguientes categor\u00edas:\u00a0<strong>Electrodom\u00e9sticos, TV y Audio, Celulares, Inform\u00e1tica, Gaming, Art\u00edculos para el Hogar, Tiempo Libre y Juguetes, Cuidado Personal y Salud, Colchones y Sommiers, Muebles y Bazar, Iluminaci\u00f3n y Movilidad.<\/strong><\/p>\n<p dir=\"ltr\">Con el respaldo del Grupo Eletrolar Brasil, organizador de eventos l\u00edderes como la Latin American Electronics International Trade Show y Eletrolar Show en San Pablo, Electronics Home 2025 se perfila como una cita ineludible para los profesionales de la industria en Argentina y toda la regi\u00f3n.<\/p>\n<h3 dir=\"ltr\"><span style=\"color: #000080\">M\u00e9xico y Brasil<\/span><\/h3>\n<p dir=\"ltr\">Este a\u00f1o, la marat\u00f3n de ferias comienza por primera vez en <strong>M\u00e9xico<\/strong>, del <strong>17 al 19 de junio de 2025<\/strong>, con la edici\u00f3n de <strong>Electronics Home<\/strong>, un evento que promete conectar toda la cadena de electr\u00f3nica de consumo mexicana y de toda la regi\u00f3n. Esta nueva plataforma ser\u00e1 clave para que las empresas ampl\u00eden su presencia en el mercado latinoamericano, creando un espacio de interacci\u00f3n entre los principales actores de la industria.<\/p>\n<p dir=\"ltr\">Por otro lado, en <strong>Brasil<\/strong>, la <strong>18\u00aa Eletrolar Show<\/strong> se celebrar\u00e1 en un nuevo espacio en el <strong>Distrito Anhembi de S\u00e3o Paulo del 23 al 26 de junio de 2025.<\/strong> Junto con la 1\u00aa Eletrolar Show, una feria dedicada a la movilidad el\u00e9ctrica, este evento reunir\u00e1 las principales innovaciones en electr\u00f3nica, electrodom\u00e9sticos y tecnolog\u00eda de vanguardia.<\/p>\n<p dir=\"ltr\">Adem\u00e1s, Brasil ser\u00e1 el anfitri\u00f3n del lanzamiento de Interior Lifestyle South America, una extensi\u00f3n de la prestigiosa feria Ambiente, que traer\u00e1 las \u00faltimas tendencias en dise\u00f1o de interiores y estilo de vida al mercado latinoamericano.<\/p>\n<p dir=\"ltr\">M\u00e1s informaci\u00f3n:<a title=\"http:\/\/www.electronicshomeargentina.com\/\" href=\"http:\/\/www.electronicshomeargentina.com\/\" target=\"_blank\" rel=\"noopener noreferrer\" data-auth=\"NotApplicable\" data-linkindex=\"0\"> www.electronicshomeargentina.com<\/a><\/p>\n<h3 dir=\"ltr\"><span style=\"color: #000080\">Leer m\u00e1s<\/span><\/h3>\n<p class=\"post-title entry-title\"><strong><a href=\"https:\/\/www.itsitio.com\/ar\/dispositivos\/realme-lanza-grandes-descuentos-en-sus-smartphones-mas-emblematicos\/\">Realme lanza grandes descuentos en sus smartphones m\u00e1s emblem\u00e1ticos<\/a><\/strong><\/p>\n<p class=\"post-title entry-title\"><strong><a href=\"https:\/\/www.itsitio.com\/ar\/dispositivos\/nexxt-home-avanza-con-soluciones-inteligentes-para-una-vida-conectada-y-moderna\/\">Nexxt Home avanza con soluciones inteligentes para una vida conectada y moderna<\/a><\/strong><\/p>\n<p class=\"post-title entry-title\"><strong><a href=\"https:\/\/www.itsitio.com\/ar\/dispositivos\/samsung-presenta-en-argentina-su-nueva-linea-de-electrodomesticos-bespoke-ai-tecnologia-inteligente-y-personalizada-para-cada-hogar\/\">Samsung presenta en Argentina su nueva l\u00ednea de electrodom\u00e9sticos Bespoke AI: tecnolog\u00eda inteligente y personalizada para cada hogar<\/a><\/strong><\/p>\n","protected":false},"excerpt":{"rendered":"<p>Consolidado como el evento internacional B2B m&aacute;s convocante del rubro, Electronics Home celebrar&aacute; su quinta edici&oacute;n en Buenos Aires los d&iacute;as 30 de junio, 1 y 2 de julio, en el Centro Costa Salguero. Organizado por Grupo Eletrolar Argentina y Azul Play, el encuentro se posiciona como el principal espacio de negocios para los sectores de electrodom&eacute;sticos, art&iacute;culos para el hogar, tecnolog&iacute;a, dise&ntilde;o, mobiliario y m&aacute;s. Este a&ntilde;o, el evento incorpora nuevas categor&iacute;as y prev&eacute; una participaci&oacute;n r&eacute;cord: m&aacute;s de 1.500 productos exhibidos, 350 marcas nacionales e internacionales, 100 stands distribuidos en 5.000 m&sup2; de exposici&oacute;n, y una asistencia que esperan superar los 6.000 profesionales del sector. &ldquo;Electronics Home es una feria exclusiva para profesionales que crece a&ntilde;o a a&ntilde;o y estamos muy contentos de poder presentar la 5ta edici&oacute;n. Desde los inicios, fue pensada para impulsar la innovaci&oacute;n, promover nuevos negocios y fortalecer el v&iacute;nculo cara a cara entre fabricantes, distribuidores, compradores, importadores, exportadores y operadores del comercio electr&oacute;nico&rdquo;,&nbsp;afirma Carlos Clur, CEO de Grupo Eletrolar y organizador del evento. Novedad 2025: Electronics Home Forum Una de las grandes novedades de esta edici&oacute;n es la realizaci&oacute;n, por primera vez, del Electronics Home Forum, un espacio exclusivo que tendr&aacute; lugar el 2 de julio en el marco del evento. El Forum reunir&aacute; a especialistas, l&iacute;deres de la industria, referentes del retail y del canal digital, en una jornada de conferencias y paneles destinados a debatir las tendencias del mercado, los desaf&iacute;os del ecosistema comercial y las oportunidades de crecimiento para los distintos actores del sector. Ser&aacute; un espacio estrat&eacute;gico de di&aacute;logo e intercambio que apunta a enriquecer la experiencia de los asistentes con contenido de valor y visi&oacute;n de futuro. &ldquo;Electronics Home naci&oacute; con la idea de conectar a la industria en un espacio de negocios &uacute;nico, y profesional. Cinco a&ntilde;os despu&eacute;s, el crecimiento ha sido notable, y con &ldquo;Electronics Home Forum&rdquo; damos un paso m&aacute;s para generar contenidos estrat&eacute;gicos que complementan la exposici&oacute;n. Queremos seguir impulsando el desarrollo del mercado y sumar valor a cada encuentro&rdquo;, agrega Carlos Clur. Categor&iacute;as de este a&ntilde;o&nbsp; Esta edici&oacute;n incluir&aacute; las siguientes categor&iacute;as:&nbsp;Electrodom&eacute;sticos, TV y Audio, Celulares, Inform&aacute;tica, Gaming, Art&iacute;culos para el Hogar, Tiempo Libre y Juguetes, Cuidado Personal y Salud, Colchones y Sommiers, Muebles y Bazar, Iluminaci&oacute;n y Movilidad. Con el respaldo del Grupo Eletrolar Brasil, organizador de eventos l&iacute;deres como la Latin American Electronics International Trade Show y Eletrolar Show en San Pablo, Electronics Home 2025 se perfila como una cita ineludible para los profesionales de la industria en Argentina y toda la regi&oacute;n. M&eacute;xico y Brasil Este a&ntilde;o, la marat&oacute;n de ferias comienza por primera vez en M&eacute;xico, del 17 al 19 de junio de 2025, con la edici&oacute;n de Electronics Home, un evento que promete conectar toda la cadena de electr&oacute;nica de consumo mexicana y de toda la regi&oacute;n. Esta nueva plataforma ser&aacute; clave para que las empresas ampl&iacute;en su presencia en el mercado latinoamericano, creando un espacio de interacci&oacute;n entre los principales actores de la industria. Por otro lado, en Brasil, la 18&ordf; Eletrolar Show se celebrar&aacute; en un nuevo espacio en el Distrito Anhembi de S&atilde;o Paulo del 23 al 26 de junio de 2025. Junto con la 1&ordf; Eletrolar Show, una feria dedicada a la movilidad el&eacute;ctrica, este evento reunir&aacute; las principales innovaciones en electr&oacute;nica, electrodom&eacute;sticos y tecnolog&iacute;a de vanguardia. Adem&aacute;s, Brasil ser&aacute; el anfitri&oacute;n del lanzamiento de Interior Lifestyle South America, una extensi&oacute;n de la prestigiosa feria Ambiente, que traer&aacute; las &uacute;ltimas tendencias en dise&ntilde;o de interiores y estilo de vida al mercado latinoamericano. M&aacute;s informaci&oacute;n: www.electronicshomeargentina.com Leer m&aacute;s Realme lanza grandes descuentos en sus smartphones m&aacute;s emblem&aacute;ticos Nexxt Home avanza con soluciones inteligentes para una vida conectada y moderna Samsung presenta en Argentina su nueva l&iacute;nea de electrodom&eacute;sticos Bespoke AI: tecnolog&iacute;a inteligente y personalizada para cada hogar<\/p>\n","protected":false},"author":233,"featured_media":181102,"comment_status":"closed","ping_status":"closed","sticky":false,"template":"","format":"standard","meta":{"site-sidebar-layout":"default","site-content-layout":"","ast-site-content-layout":"default","site-content-style":"default","site-sidebar-style":"default","ast-global-header-display":"","ast-banner-title-visibility":"","ast-main-header-display":"","ast-hfb-above-header-display":"","ast-hfb-below-header-display":"","ast-hfb-mobile-header-display":"","site-post-title":"","ast-breadcrumbs-content":"","ast-featured-img":"","footer-sml-layout":"","ast-disable-related-posts":"","theme-transparent-header-meta":"","adv-header-id-meta":"","stick-header-meta":"","header-above-stick-meta":"","header-main-stick-meta":"","header-below-stick-meta":"","astra-migrate-meta-layouts":"default","ast-page-background-enabled":"default","ast-page-background-meta":{"desktop":{"background-color":"var(--ast-global-color-4)","background-image":"","background-repeat":"repeat","background-position":"center center","background-size":"auto","background-attachment":"scroll","background-type":"","background-media":"","overlay-type":"","overlay-color":"","overlay-opacity":"","overlay-gradient":""},"tablet":{"background-color":"","background-image":"","background-repeat":"repeat","background-position":"center center","background-size":"auto","background-attachment":"scroll","background-type":"","background-media":"","overlay-type":"","overlay-color":"","overlay-opacity":"","overlay-gradient":""},"mobile":{"background-color":"","background-image":"","background-repeat":"repeat","background-position":"center center","background-size":"auto","background-attachment":"scroll","background-type":"","background-media":"","overlay-type":"","overlay-color":"","overlay-opacity":"","overlay-gradient":""}},"ast-content-background-meta":{"desktop":{"background-color":"var(--ast-global-color-5)","background-image":"","background-repeat":"repeat","background-position":"center center","background-size":"auto","background-attachment":"scroll","background-type":"","background-media":"","overlay-type":"","overlay-color":"","overlay-opacity":"","overlay-gradient":""},"tablet":{"background-color":"var(--ast-global-color-5)","background-image":"","background-repeat":"repeat","background-position":"center center","background-size":"auto","background-attachment":"scroll","background-type":"","background-media":"","overlay-type":"","overlay-color":"","overlay-opacity":"","overlay-gradient":""},"mobile":{"background-color":"var(--ast-global-color-5)","background-image":"","background-repeat":"repeat","background-position":"center center","background-size":"auto","background-attachment":"scroll","background-type":"","background-media":"","overlay-type":"","overlay-color":"","overlay-opacity":"","overlay-gradient":""}},"footnotes":""},"categories":[117],"tags":[241],"class_list":["post-181100","post","type-post","status-publish","format-standard","has-post-thumbnail","hentry","category-eventos","tag-electronics-home"],"_links":{"self":[{"href":"https:\/\/www.itsitio.com\/ar\/wp-json\/wp\/v2\/posts\/181100","targetHints":{"allow":["GET"]}}],"collection":[{"href":"https:\/\/www.itsitio.com\/ar\/wp-json\/wp\/v2\/posts"}],"about":[{"href":"https:\/\/www.itsitio.com\/ar\/wp-json\/wp\/v2\/types\/post"}],"author":[{"embeddable":true,"href":"https:\/\/www.itsitio.com\/ar\/wp-json\/wp\/v2\/users\/233"}],"replies":[{"embeddable":true,"href":"https:\/\/www.itsitio.com\/ar\/wp-json\/wp\/v2\/comments?post=181100"}],"version-history":[{"count":0,"href":"https:\/\/www.itsitio.com\/ar\/wp-json\/wp\/v2\/posts\/181100\/revisions"}],"wp:featuredmedia":[{"embeddable":true,"href":"https:\/\/www.itsitio.com\/ar\/wp-json\/wp\/v2\/media\/181102"}],"wp:attachment":[{"href":"https:\/\/www.itsitio.com\/ar\/wp-json\/wp\/v2\/media?parent=181100"}],"wp:term":[{"taxonomy":"category","embeddable":true,"href":"https:\/\/www.itsitio.com\/ar\/wp-json\/wp\/v2\/categories?post=181100"},{"taxonomy":"post_tag","embeddable":true,"href":"https:\/\/www.itsitio.com\/ar\/wp-json\/wp\/v2\/tags?post=181100"}],"curies":[{"name":"wp","href":"https:\/\/api.w.org\/{rel}","templated":true}]}}