{"id":180068,"date":"2025-03-20T12:11:55","date_gmt":"2025-03-20T15:11:55","guid":{"rendered":"https:\/\/nuevoitsitio1.wpenginepowered.com\/ar\/sin-categoria\/epson-agasajo-a-sus-canales-de-venta-con-un-exclusivo-evento-previo-al-show-de-shakira-en-argentina\/"},"modified":"2025-11-21T16:00:10","modified_gmt":"2025-11-21T19:00:10","slug":"epson-agasajo-a-sus-canales-de-venta-con-un-exclusivo-evento-previo-al-show-de-shakira-en-argentina","status":"publish","type":"post","link":"https:\/\/www.itsitio.com\/ar\/eventos\/epson-agasajo-a-sus-canales-de-venta-con-un-exclusivo-evento-previo-al-show-de-shakira-en-argentina\/","title":{"rendered":"Epson agasaj\u00f3 a sus canales de venta con un exclusivo evento previo al show de Shakira en Buenos Aires"},"content":{"rendered":"<p><span style=\"font-weight: 400;\">En el marco de su programa de canales de venta <\/span><b>START<\/b><span style=\"font-weight: 400;\">, Epson organiz\u00f3 un exclusivo encuentro VIP con sus principales <\/span><b>socios del segmento consumo, corporativo y producci\u00f3n<\/b><span style=\"font-weight: 400;\">, como previa al show de <\/span><b>Shakira <\/b><span style=\"font-weight: 400;\">en el <\/span><b>Campo de Polo de Buenos Aires. <\/b><span style=\"font-weight: 400;\">La cantante colombiana, quien es embajadora global de la marca, ofreci\u00f3 un espect\u00e1culo en la capital argentina, y Epson aprovech\u00f3 la ocasi\u00f3n para fortalecer su v\u00ednculo con resellers, retailers y mayoristas en un evento especial.<\/span><\/p>\n<p><span style=\"font-weight: 400;\">La reuni\u00f3n se llev\u00f3 a cabo en el <\/span><b>bar Rabieta del Hip\u00f3dromo de Palermo<\/b><span style=\"font-weight: 400;\">, donde <\/span><b>m\u00e1s de 100 invitados <\/b><span style=\"font-weight: 400;\">fueron agasajados con una velada que combin\u00f3 gastronom\u00eda, entretenimiento y un ambiente distendido para fomentar el networking. Durante el encuentro, los asistentes disfrutaron de una selecci\u00f3n de comidas y bebidas de primer nivel, adem\u00e1s de participar en divertidas trivias relacionadas con la marca y su tecnolog\u00eda. Asimismo, hubo un stand de glitter y m\u00fasica en vivo, sumando un toque de distinci\u00f3n a la experiencia.<\/span><\/p>\n<figure id=\"attachment_180085\" aria-describedby=\"caption-attachment-180085\" style=\"width: 1253px\" class=\"wp-caption alignnone\"><img decoding=\"async\" class=\"wp-image-180085 size-full\" src=\"https:\/\/www.itsitio.com\/ar\/wp-content\/uploads\/sites\/4\/2025\/03\/Show-de-Sharika-en-BS-AS.webp\" alt=\"width=\" height=\"710\" srcset=\"https:\/\/www.itsitio.com\/ar\/wp-content\/uploads\/sites\/2\/2025\/03\/Show-de-Sharika-en-BS-AS.webp 1253w, https:\/\/www.itsitio.com\/ar\/wp-content\/uploads\/sites\/2\/2025\/03\/Show-de-Sharika-en-BS-AS-300x170.webp 300w, https:\/\/www.itsitio.com\/ar\/wp-content\/uploads\/sites\/2\/2025\/03\/Show-de-Sharika-en-BS-AS-1024x580.webp 1024w, https:\/\/www.itsitio.com\/ar\/wp-content\/uploads\/sites\/2\/2025\/03\/Show-de-Sharika-en-BS-AS-768x435.webp 768w\" sizes=\"(max-width: 1253px) 100vw, 1253px\" \/><figcaption id=\"caption-attachment-180085\" class=\"wp-caption-text\">Show de Shakira en el Campo de Polo de Buenos Aires.<\/figcaption><\/figure>\n<p><span style=\"font-weight: 400;\">Luego de este exclusivo evento, los invitados se dirigieron al <strong>Campo de Polo de Buenos Aires<\/strong> para presenciar el show de <strong>Shakira<\/strong>, quien reafirm\u00f3 su papel como embajadora de Epson a nivel global con una presentaci\u00f3n inolvidable. Esta iniciativa refuerza el compromiso de la marca con sus socios estrat\u00e9gicos, brind\u00e1ndoles experiencias \u00fanicas y exclusivas como parte del programa START.<\/span><\/p>\n<h3><span style=\"color: #000080;\"><b>La voz de Epson<\/b><\/span><\/h3>\n<figure id=\"attachment_180073\" aria-describedby=\"caption-attachment-180073\" style=\"width: 1307px\" class=\"wp-caption alignnone\"><img decoding=\"async\" class=\"wp-image-180073 size-full\" src=\"https:\/\/www.itsitio.com\/ar\/wp-content\/uploads\/sites\/4\/2025\/03\/Equipo-de-Epson-.webp\" alt=\"width=\" height=\"875\" srcset=\"https:\/\/www.itsitio.com\/ar\/wp-content\/uploads\/sites\/2\/2025\/03\/Equipo-de-Epson-.webp 1307w, https:\/\/www.itsitio.com\/ar\/wp-content\/uploads\/sites\/2\/2025\/03\/Equipo-de-Epson--300x201.webp 300w, https:\/\/www.itsitio.com\/ar\/wp-content\/uploads\/sites\/2\/2025\/03\/Equipo-de-Epson--1024x686.webp 1024w, https:\/\/www.itsitio.com\/ar\/wp-content\/uploads\/sites\/2\/2025\/03\/Equipo-de-Epson--768x514.webp 768w\" sizes=\"(max-width: 1307px) 100vw, 1307px\" \/><figcaption id=\"caption-attachment-180073\" class=\"wp-caption-text\">Pablo Kasjan, Diego Piquin y Fernando Carrano de Epson.<\/figcaption><\/figure>\n<p><span style=\"font-weight: 400;\">En entrevista con ITSitio, desde el \u00e1rea de <\/span><b>productos de consumo<\/b><span style=\"font-weight: 400;\">, <\/span><b>Pablo Kasjan<\/b><span style=\"font-weight: 400;\">, <\/span><i><span style=\"font-weight: 400;\">Head of Consumer<\/span><\/i><span style=\"font-weight: 400;\"> de Argentina, Paraguay y Uruguay de <\/span><b>Epson<\/b><span style=\"font-weight: 400;\">, coment\u00f3: <\/span><i><span style=\"font-weight: 400;\">&#8220;Este es un a\u00f1o muy especial para nosotros. En enero lanzamos el programa de fidelizaci\u00f3n Epson Star, el cual ofrece una variedad de beneficios organizados en tres categor\u00edas: Star, Master y Exclusive. A medida que nuestros clientes avanzan de categor\u00eda, disfrutan de beneficios exclusivos, como la participaci\u00f3n en eventos de este tipo, que estamos planeando organizar con regularidad a lo largo del a\u00f1o&#8221;.<\/span><\/i><\/p>\n<p><span style=\"font-weight: 400;\">Kasjan agreg\u00f3: <\/span><i><span style=\"font-weight: 400;\">&#8220;Y hoy, como parte de este programa de canales, invitamos al show de Shakira a m\u00e1s de 150 clientes. Shakira es nuestra embajadora y una fuente de inspiraci\u00f3n en creatividad, entretenimiento e innovaci\u00f3n. Aprovechamos su visita para generar relaciones m\u00e1s estrechas con nuestros canales&#8221;.<\/span><\/i><\/p>\n<figure id=\"attachment_180074\" aria-describedby=\"caption-attachment-180074\" style=\"width: 1148px\" class=\"wp-caption alignnone\"><img decoding=\"async\" class=\"wp-image-180074 size-full\" src=\"https:\/\/www.itsitio.com\/ar\/wp-content\/uploads\/sites\/4\/2025\/03\/Equipo-de-MKT-de-Epson.webp\" alt=\"width=\" height=\"805\" srcset=\"https:\/\/www.itsitio.com\/ar\/wp-content\/uploads\/sites\/2\/2025\/03\/Equipo-de-MKT-de-Epson.webp 1148w, https:\/\/www.itsitio.com\/ar\/wp-content\/uploads\/sites\/2\/2025\/03\/Equipo-de-MKT-de-Epson-300x210.webp 300w, https:\/\/www.itsitio.com\/ar\/wp-content\/uploads\/sites\/2\/2025\/03\/Equipo-de-MKT-de-Epson-1024x718.webp 1024w, https:\/\/www.itsitio.com\/ar\/wp-content\/uploads\/sites\/2\/2025\/03\/Equipo-de-MKT-de-Epson-768x539.webp 768w\" sizes=\"(max-width: 1148px) 100vw, 1148px\" \/><figcaption id=\"caption-attachment-180074\" class=\"wp-caption-text\">Carolina Brunt &#8211; Epson Latinoam\u00e9rica<\/figcaption><\/figure>\n<p><span style=\"font-weight: 400;\">Tambi\u00e9n, <\/span><b>Fernando Carrano<\/b><span style=\"font-weight: 400;\">, gerente Comercial del <\/span><b>\u00e1rea corporativa<\/b><span style=\"font-weight: 400;\"> de Epson, se refiri\u00f3 a esta activaci\u00f3n: <\/span><i><span style=\"font-weight: 400;\">&#8220;Hoy estamos en la previa del evento de nuestra embajadora Shakira. Es un momento muy especial para nosotros, donde aprovechamos la ocasi\u00f3n para invitar a nuestros principales socios de negocios y clientes a disfrutar de este evento exclusivo. Esperamos que lo disfruten mucho&#8221;.<\/span><\/i><\/p>\n<p><span style=\"font-weight: 400;\">En la misma l\u00ednea, <\/span><b>Diego Piquin<\/b><span style=\"font-weight: 400;\">, gerente Comercial del <\/span><b>\u00e1rea de producci\u00f3n<\/b><span style=\"font-weight: 400;\"> de Epson, destac\u00f3: <\/span><i><span style=\"font-weight: 400;\">&#8220;Es un placer estar con nuestros invitados en este evento previo a Shakira, que, adem\u00e1s de ser nuestra embajadora, es un referente en todo lo que es moda. Y Epson tiene productos para la industria de la moda y textil, como nuestro equipo F1070&#8221;.<\/span><\/i><\/p>\n<h3><span style=\"color: #000080;\"><b>La voz de los invitados: destacando el evento y el programa de canales Epson Star<\/b><\/span><\/h3>\n<figure id=\"attachment_180072\" aria-describedby=\"caption-attachment-180072\" style=\"width: 1182px\" class=\"wp-caption alignnone\"><img decoding=\"async\" class=\"wp-image-180072 size-full\" src=\"https:\/\/www.itsitio.com\/ar\/wp-content\/uploads\/sites\/4\/2025\/03\/Epson-con-disribuidores-argentina.webp\" alt=\"width=\" height=\"877\" srcset=\"https:\/\/www.itsitio.com\/ar\/wp-content\/uploads\/sites\/2\/2025\/03\/Epson-con-disribuidores-argentina.webp 1182w, https:\/\/www.itsitio.com\/ar\/wp-content\/uploads\/sites\/2\/2025\/03\/Epson-con-disribuidores-argentina-300x223.webp 300w, https:\/\/www.itsitio.com\/ar\/wp-content\/uploads\/sites\/2\/2025\/03\/Epson-con-disribuidores-argentina-1024x760.webp 1024w, https:\/\/www.itsitio.com\/ar\/wp-content\/uploads\/sites\/2\/2025\/03\/Epson-con-disribuidores-argentina-768x570.webp 768w\" sizes=\"(max-width: 1182px) 100vw, 1182px\" \/><figcaption id=\"caption-attachment-180072\" class=\"wp-caption-text\">Air Computers y Stylus, junto a Epson.<\/figcaption><\/figure>\n<p><span style=\"font-weight: 400;\">Los mayoristas, resellers y retailers de <\/span><b>Epson<\/b><span style=\"font-weight: 400;\"> agradecieron la invitaci\u00f3n y compartieron su testimonio con los medios.<\/span><\/p>\n<p><b>Mariano Fern\u00e1ndez<\/b><span style=\"font-weight: 400;\">, CEO de <\/span><b>Sylus<\/b><span style=\"font-weight: 400;\">, mayorista de consumo de la marca, expres\u00f3: <\/span><i><span style=\"font-weight: 400;\">&#8220;Gracias a Epson por invitarnos a este evento. Epson Star es un programa que nos brinda un gran soporte como distribuidores, lo que facilita la comercializaci\u00f3n de productos de la marca. Somos distribuidores de Epson desde hace m\u00e1s de 20 a\u00f1os, lo que ha fortalecido nuestro v\u00ednculo con la marca&#8221;.<\/span><\/i><\/p>\n<p><b>Sergio Airoldi<\/b><span style=\"font-weight: 400;\">, CEO de <\/span><b>Air Computers<\/b><span style=\"font-weight: 400;\">, destac\u00f3: <\/span><i><span style=\"font-weight: 400;\">&#8220;Estamos contentos de ser parte de este evento tan exclusivo. Shakira es una figura mundialmente reconocida y, como embajadora de Epson, atrae a muchos de nuestros clientes. Este evento tiene una gran relevancia, ya que Epson Star ha sido relanzado con mucha fuerza y est\u00e1 teniendo una excelente acogida entre nuestros canales. Estamos felices de seguir trabajando con todas las l\u00edneas de productos Epson, desde impresoras hasta proyectores y soluciones fiscales, que son muy demandadas en el mercado&#8221;.<\/span><\/i><\/p>\n<figure id=\"attachment_180082\" aria-describedby=\"caption-attachment-180082\" style=\"width: 1240px\" class=\"wp-caption alignnone\"><img decoding=\"async\" class=\"wp-image-180082 size-full\" src=\"https:\/\/www.itsitio.com\/ar\/wp-content\/uploads\/sites\/4\/2025\/03\/Victoria-Villa.webp\" alt=\"width=\" height=\"823\" srcset=\"https:\/\/www.itsitio.com\/ar\/wp-content\/uploads\/sites\/2\/2025\/03\/Victoria-Villa.webp 1240w, https:\/\/www.itsitio.com\/ar\/wp-content\/uploads\/sites\/2\/2025\/03\/Victoria-Villa-300x199.webp 300w, https:\/\/www.itsitio.com\/ar\/wp-content\/uploads\/sites\/2\/2025\/03\/Victoria-Villa-1024x680.webp 1024w, https:\/\/www.itsitio.com\/ar\/wp-content\/uploads\/sites\/2\/2025\/03\/Victoria-Villa-768x510.webp 768w\" sizes=\"(max-width: 1240px) 100vw, 1240px\" \/><figcaption id=\"caption-attachment-180082\" class=\"wp-caption-text\">Vanessa Herize Esain, Especialista en Marketing y Comunicaci\u00f3n en Epson Argentina junto a Victoria Villa, responsable de Marketing de Ceven.<\/figcaption><\/figure>\n<p><b>Eduardo Acevedo<\/b><span style=\"font-weight: 400;\">, director de <\/span><b>Invid<\/b><span style=\"font-weight: 400;\">, otro mayorista de <strong>Epson<\/strong>, agreg\u00f3: <\/span><i><span style=\"font-weight: 400;\">&#8220;Este es un gran cambio para nosotros, ya que ahora todos los canales pueden participar en Epson Star, no solo aquellos con un volumen de compra m\u00e1s alto. Este programa abre nuevas oportunidades para todos los clientes, sin importar el tama\u00f1o de su negocio. Creemos que este tipo de iniciativas beneficiar\u00e1 tanto a Epson como a nosotros, los distribuidores mayoristas&#8221;.<\/span><\/i><\/p>\n<p><span style=\"font-weight: 400;\">Desde el mayorista <\/span><b>Ceven<\/b><span style=\"font-weight: 400;\">, <\/span><b>Victoria Villa<\/b><span style=\"font-weight: 400;\">, responsable de <\/span><b>Marketing<\/b><span style=\"font-weight: 400;\">, se\u00f1al\u00f3: <\/span><i><span style=\"font-weight: 400;\">&#8220;Desde nuestro lugar como mayorista, estamos acompa\u00f1ando a la marca con la presencia de nuestros product managers. Este tipo de eventos no solo son una excelente oportunidad para disfrutar, sino tambi\u00e9n para fortalecer la relaci\u00f3n con los clientes y con la marca&#8221;.<\/span><\/i><\/p>\n<figure id=\"attachment_180076\" aria-describedby=\"caption-attachment-180076\" style=\"width: 1316px\" class=\"wp-caption alignnone\"><img decoding=\"async\" class=\"wp-image-180076 size-full\" src=\"https:\/\/www.itsitio.com\/ar\/wp-content\/uploads\/sites\/4\/2025\/03\/Influencer-Epson.webp\" alt=\"width=\" height=\"852\" srcset=\"https:\/\/www.itsitio.com\/ar\/wp-content\/uploads\/sites\/2\/2025\/03\/Influencer-Epson.webp 1316w, https:\/\/www.itsitio.com\/ar\/wp-content\/uploads\/sites\/2\/2025\/03\/Influencer-Epson-300x194.webp 300w, https:\/\/www.itsitio.com\/ar\/wp-content\/uploads\/sites\/2\/2025\/03\/Influencer-Epson-1024x663.webp 1024w, https:\/\/www.itsitio.com\/ar\/wp-content\/uploads\/sites\/2\/2025\/03\/Influencer-Epson-768x497.webp 768w\" sizes=\"(max-width: 1316px) 100vw, 1316px\" \/><figcaption id=\"caption-attachment-180076\" class=\"wp-caption-text\">Stephanie Cherni (influencer) probando la nueva impresora textil Epson <i><span style=\"font-weight: 400;\">F1070.<\/span><\/i><\/figcaption><\/figure>\n<p><b>Andr\u00e9s Demattei<\/b><span style=\"font-weight: 400;\">, gerente de Canales para <\/span><b>Grupo N\u00facleo<\/b><span style=\"font-weight: 400;\">, complement\u00f3: <\/span><i><span style=\"font-weight: 400;\">&#8220;Estamos trabajando con Epson en productos de consumo, impresoras, insumos y proyectores. Este programa Epson Star es una herramienta clave para fidelizar y motivar a nuestros canales a seguir participando en los eventos y actividades de Epson, como esta de Shakira. Creemos que este tipo de iniciativas refuerzan el v\u00ednculo entre distribuidores, la marca y los clientes&#8221;.<\/span><\/i><\/p>\n<p><span style=\"font-weight: 400;\">Por su parte, <\/span><b>Juan Antonio<\/b><span style=\"font-weight: 400;\">, PM de Epson en <\/span><b>Corcisa<\/b><span style=\"font-weight: 400;\">, agreg\u00f3: <\/span><i><span style=\"font-weight: 400;\">&#8220;Muy contentos de estar en este evento, todo gracias al programa Epson Star. Este programa es excelente para fidelizar a los resellers, ya que ofrece beneficios valiosos y facilita la participaci\u00f3n en eventos exclusivos. Este tipo de iniciativas ayudan a reforzar la relaci\u00f3n con los clientes y a brindarles m\u00e1s oportunidades para crecer junto a la marca&#8221;.<\/span><\/i><\/p>\n<figure id=\"attachment_180077\" aria-describedby=\"caption-attachment-180077\" style=\"width: 1288px\" class=\"wp-caption alignnone\"><img fetchpriority=\"high\" decoding=\"async\" class=\"size-full wp-image-180077\" src=\"https:\/\/www.itsitio.com\/ar\/wp-content\/uploads\/sites\/4\/2025\/03\/Moda-Epson.webp\" alt=\"Moda en el evento de Epson.\" width=\"1288\" height=\"833\" srcset=\"https:\/\/www.itsitio.com\/ar\/wp-content\/uploads\/sites\/2\/2025\/03\/Moda-Epson.webp 1288w, https:\/\/www.itsitio.com\/ar\/wp-content\/uploads\/sites\/2\/2025\/03\/Moda-Epson-300x194.webp 300w, https:\/\/www.itsitio.com\/ar\/wp-content\/uploads\/sites\/2\/2025\/03\/Moda-Epson-1024x662.webp 1024w, https:\/\/www.itsitio.com\/ar\/wp-content\/uploads\/sites\/2\/2025\/03\/Moda-Epson-768x497.webp 768w\" sizes=\"(max-width: 1288px) 100vw, 1288px\" \/><figcaption id=\"caption-attachment-180077\" class=\"wp-caption-text\">Moda en el evento de Epson.<\/figcaption><\/figure>\n<p><span style=\"font-weight: 400;\">Por el lado de los <\/span><b>distribuidores del \u00e1rea industrial de Epson<\/b><span style=\"font-weight: 400;\">, <\/span><b>Cecilia Mendoza<\/b><span style=\"font-weight: 400;\">, directora del distribuidor <\/span><b>Mosaik<\/b><span style=\"font-weight: 400;\">, expres\u00f3: <\/span><i><span style=\"font-weight: 400;\">\u201cEstoy muy emocionada por ver a Shakira, la embajadora de Epson. Estamos pasando un s\u00e1bado distinto, compartiendo todo con nuestros clientes y con la marca\u201d<\/span><\/i><span style=\"font-weight: 400;\">. Y agreg\u00f3: <\/span><i><span style=\"font-weight: 400;\">\u201cNosotros somos distribuidores del \u00e1rea industrial de Epson y trabajamos impresoras de etiquetas y de alto volumen\u201d<\/span><\/i><span style=\"font-weight: 400;\">.<\/span><\/p>\n<p><span style=\"font-weight: 400;\">Desde el segmento de <\/span><b>productos corporativos<\/b><span style=\"font-weight: 400;\">, <\/span><b>Andrea Whittall<\/b><span style=\"font-weight: 400;\">, gerente de \u00e1rea de ventas de <\/span><b>CITS S.A.<\/b><span style=\"font-weight: 400;\"> (<\/span><b>Compa\u00f1\u00eda Internacional de Tecnolog\u00eda y Servicios S.A.<\/b><span style=\"font-weight: 400;\">), se\u00f1al\u00f3: <\/span><i><span style=\"font-weight: 400;\">\u201cSomos una empresa unimarca y trabajamos 100% con Epson. Nosotros ofrecemos todos los productos que la firma tiene para puntos de venta, con una cadena de varios distribuidores por todo el pa\u00eds. Y hoy estamos muy felices de que Epson nos haya invitado a esta reuni\u00f3n tan especial\u201d<\/span><\/i><span style=\"font-weight: 400;\">.<\/span><\/p>\n<figure id=\"attachment_180081\" aria-describedby=\"caption-attachment-180081\" style=\"width: 1272px\" class=\"wp-caption alignnone\"><img decoding=\"async\" class=\"size-full wp-image-180081\" src=\"https:\/\/www.itsitio.com\/ar\/wp-content\/uploads\/sites\/4\/2025\/03\/Andrea-Whittall-CITS.webp\" alt=\"Andrea Whittall, gerente de \u00e1rea de ventas de CITS S.A. (Compa\u00f1\u00eda Internacional de Tecnolog\u00eda y Servicios S.A.)\" width=\"1272\" height=\"833\" srcset=\"https:\/\/www.itsitio.com\/ar\/wp-content\/uploads\/sites\/2\/2025\/03\/Andrea-Whittall-CITS.webp 1272w, https:\/\/www.itsitio.com\/ar\/wp-content\/uploads\/sites\/2\/2025\/03\/Andrea-Whittall-CITS-300x196.webp 300w, https:\/\/www.itsitio.com\/ar\/wp-content\/uploads\/sites\/2\/2025\/03\/Andrea-Whittall-CITS-1024x671.webp 1024w, https:\/\/www.itsitio.com\/ar\/wp-content\/uploads\/sites\/2\/2025\/03\/Andrea-Whittall-CITS-768x503.webp 768w\" sizes=\"(max-width: 1272px) 100vw, 1272px\" \/><figcaption id=\"caption-attachment-180081\" class=\"wp-caption-text\">Andrea Whittall, gerente de \u00e1rea de ventas de CITS S.A. (Compa\u00f1\u00eda Internacional de Tecnolog\u00eda y Servicios S.A.)<\/figcaption><\/figure>\n<p><span style=\"font-weight: 400;\">En representaci\u00f3n del <\/span><b>retail argentino Cetrogar<\/b><span style=\"font-weight: 400;\">, <\/span><b>Natalia Bolli<\/b><span style=\"font-weight: 400;\">, compradora de <\/span><b>Cetrogar<\/b><span style=\"font-weight: 400;\">, coment\u00f3: <\/span><i><span style=\"font-weight: 400;\">\u201cTrabajamos con Epson en la l\u00ednea de impresoras para el hogar. Estos eventos son una excelente oportunidad para fortalecer las relaciones comerciales entre clientes y proveedores. Adem\u00e1s de disfrutar del show, estos encuentros ayudan a crear lazos m\u00e1s fuertes en el \u00e1mbito profesional. Estamos muy interesados en seguir participando en futuras activaciones con Epson\u201d<\/span><\/i><span style=\"font-weight: 400;\">.<\/span><\/p>\n<h3><span style=\"color: #000080;\"><b>Lanzamientos de productos y novedades<\/b><\/span><\/h3>\n<figure id=\"attachment_180078\" aria-describedby=\"caption-attachment-180078\" style=\"width: 1318px\" class=\"wp-caption alignnone\"><img decoding=\"async\" class=\"wp-image-180078 size-full\" src=\"https:\/\/www.itsitio.com\/ar\/wp-content\/uploads\/sites\/4\/2025\/03\/Pablo-Epson.webp\" alt=\"width=\" height=\"863\" srcset=\"https:\/\/www.itsitio.com\/ar\/wp-content\/uploads\/sites\/2\/2025\/03\/Pablo-Epson.webp 1318w, https:\/\/www.itsitio.com\/ar\/wp-content\/uploads\/sites\/2\/2025\/03\/Pablo-Epson-300x196.webp 300w, https:\/\/www.itsitio.com\/ar\/wp-content\/uploads\/sites\/2\/2025\/03\/Pablo-Epson-1024x670.webp 1024w, https:\/\/www.itsitio.com\/ar\/wp-content\/uploads\/sites\/2\/2025\/03\/Pablo-Epson-768x503.webp 768w\" sizes=\"(max-width: 1318px) 100vw, 1318px\" \/><figcaption id=\"caption-attachment-180078\" class=\"wp-caption-text\">Pablo Kasjan, Head of Consumer de Argentina, Paraguay y Uruguay de Epson<\/figcaption><\/figure>\n<p><span style=\"font-weight: 400;\">En cuanto a <\/span><b>lanzamientos<\/b><span style=\"font-weight: 400;\">, desde el \u00e1rea de consumo, <\/span><b>Pablo Kasjan<\/b><span style=\"font-weight: 400;\"> adelant\u00f3: <\/span><i><span style=\"font-weight: 400;\">&#8220;En abril vamos a estar presentando un nuevo proyecto. Vamos a ampliar nuestra oferta m\u00e1s all\u00e1 de los segmentos educativos y gubernamentales, trayendo productos m\u00e1s vers\u00e1tiles y atractivos para el hogar&#8221;.<\/span><\/i><\/p>\n<figure id=\"attachment_180075\" aria-describedby=\"caption-attachment-180075\" style=\"width: 1183px\" class=\"wp-caption alignnone\"><img decoding=\"async\" class=\"wp-image-180075 size-full\" src=\"https:\/\/www.itsitio.com\/ar\/wp-content\/uploads\/sites\/4\/2025\/03\/Fernando-Carrano.webp\" alt=\"width=\" height=\"822\" srcset=\"https:\/\/www.itsitio.com\/ar\/wp-content\/uploads\/sites\/2\/2025\/03\/Fernando-Carrano.webp 1183w, https:\/\/www.itsitio.com\/ar\/wp-content\/uploads\/sites\/2\/2025\/03\/Fernando-Carrano-300x208.webp 300w, https:\/\/www.itsitio.com\/ar\/wp-content\/uploads\/sites\/2\/2025\/03\/Fernando-Carrano-1024x712.webp 1024w, https:\/\/www.itsitio.com\/ar\/wp-content\/uploads\/sites\/2\/2025\/03\/Fernando-Carrano-768x534.webp 768w\" sizes=\"(max-width: 1183px) 100vw, 1183px\" \/><figcaption id=\"caption-attachment-180075\" class=\"wp-caption-text\">Fernando Carrano, gerente Comercial del \u00e1rea corporativa de Epson<\/figcaption><\/figure>\n<p><span style=\"font-weight: 400;\">Por su parte, <\/span><b>Fernando Carrano<\/b><span style=\"font-weight: 400;\">, gerente Comercial del <\/span><b>\u00e1rea corporativa de Epson<\/b><span style=\"font-weight: 400;\">, coment\u00f3: <\/span><i><span style=\"font-weight: 400;\">&#8220;Este a\u00f1o es clave para Epson, ya que tenemos productos muy relevantes para el mercado corporativo, como la Workforce 5891, nuestra primera impresora tama\u00f1o oficio con d\u00faplex incluido. Este equipo marcar\u00e1 una diferencia significativa para nuestras operaciones comerciales&#8221;.<\/span><\/i><\/p>\n<figure id=\"attachment_180071\" aria-describedby=\"caption-attachment-180071\" style=\"width: 1306px\" class=\"wp-caption alignnone\"><img decoding=\"async\" class=\"wp-image-180071 size-full\" src=\"https:\/\/www.itsitio.com\/ar\/wp-content\/uploads\/sites\/4\/2025\/03\/Diego-Piquin-Epson.webp\" alt=\"width=\" height=\"871\" srcset=\"https:\/\/www.itsitio.com\/ar\/wp-content\/uploads\/sites\/2\/2025\/03\/Diego-Piquin-Epson.webp 1306w, https:\/\/www.itsitio.com\/ar\/wp-content\/uploads\/sites\/2\/2025\/03\/Diego-Piquin-Epson-300x200.webp 300w, https:\/\/www.itsitio.com\/ar\/wp-content\/uploads\/sites\/2\/2025\/03\/Diego-Piquin-Epson-1024x683.webp 1024w, https:\/\/www.itsitio.com\/ar\/wp-content\/uploads\/sites\/2\/2025\/03\/Diego-Piquin-Epson-768x512.webp 768w\" sizes=\"(max-width: 1306px) 100vw, 1306px\" \/><figcaption id=\"caption-attachment-180071\" class=\"wp-caption-text\">Diego Piquin, gerente Comercial del \u00e1rea de producci\u00f3n de Epson<\/figcaption><\/figure>\n<p><span style=\"font-weight: 400;\">Finalmente, <\/span><b>Diego Piquin<\/b><span style=\"font-weight: 400;\">, gerente Comercial del <\/span><b>\u00e1rea de producci\u00f3n de Epson<\/b><span style=\"font-weight: 400;\">, present\u00f3 el \u00faltimo lanzamiento de la marca: <\/span><i><span style=\"font-weight: 400;\">&#8220;Acabamos de presentar la F1070, nuestra impresora textil que permite impresi\u00f3n directa sobre tela. Es una tecnolog\u00eda innovadora que acerca el mundo de la moda y la personalizaci\u00f3n a los emprendedores. Este producto es ideal para aquellos que est\u00e1n comenzando en el mundo de la moda o el dise\u00f1o textil, permiti\u00e9ndoles imprimir cualquier tipo de dise\u00f1o directamente sobre tela, de forma r\u00e1pida y eficiente&#8221;.<\/span><\/i><\/p>\n","protected":false},"excerpt":{"rendered":"<p>En el marco de su programa de canales de venta START, Epson organiz&oacute; un exclusivo encuentro VIP con sus principales socios del segmento consumo, corporativo y producci&oacute;n, como previa al show de Shakira en el Campo de Polo de Buenos Aires. La cantante colombiana, quien es embajadora global de la marca, ofreci&oacute; un espect&aacute;culo en la capital argentina, y Epson aprovech&oacute; la ocasi&oacute;n para fortalecer su v&iacute;nculo con resellers, retailers y mayoristas en un evento especial. La reuni&oacute;n se llev&oacute; a cabo en el bar Rabieta del Hip&oacute;dromo de Palermo, donde m&aacute;s de 100 invitados fueron agasajados con una velada que combin&oacute; gastronom&iacute;a, entretenimiento y un ambiente distendido para fomentar el networking. Durante el encuentro, los asistentes disfrutaron de una selecci&oacute;n de comidas y bebidas de primer nivel, adem&aacute;s de participar en divertidas trivias relacionadas con la marca y su tecnolog&iacute;a. Asimismo, hubo un stand de glitter y m&uacute;sica en vivo, sumando un toque de distinci&oacute;n a la experiencia. Luego de este exclusivo evento, los invitados se dirigieron al Campo de Polo de Buenos Aires para presenciar el show de Shakira, quien reafirm&oacute; su papel como embajadora de Epson a nivel global con una presentaci&oacute;n inolvidable. Esta iniciativa refuerza el compromiso de la marca con sus socios estrat&eacute;gicos, brind&aacute;ndoles experiencias &uacute;nicas y exclusivas como parte del programa START. La voz de Epson En entrevista con ITSitio, desde el &aacute;rea de productos de consumo, Pablo Kasjan, Head of Consumer de Argentina, Paraguay y Uruguay de Epson, coment&oacute;: &ldquo;Este es un a&ntilde;o muy especial para nosotros. En enero lanzamos el programa de fidelizaci&oacute;n Epson Star, el cual ofrece una variedad de beneficios organizados en tres categor&iacute;as: Star, Master y Exclusive. A medida que nuestros clientes avanzan de categor&iacute;a, disfrutan de beneficios exclusivos, como la participaci&oacute;n en eventos de este tipo, que estamos planeando organizar con regularidad a lo largo del a&ntilde;o&rdquo;. Kasjan agreg&oacute;: &ldquo;Y hoy, como parte de este programa de canales, invitamos al show de Shakira a m&aacute;s de 150 clientes. Shakira es nuestra embajadora y una fuente de inspiraci&oacute;n en creatividad, entretenimiento e innovaci&oacute;n. Aprovechamos su visita para generar relaciones m&aacute;s estrechas con nuestros canales&rdquo;. Tambi&eacute;n, Fernando Carrano, gerente Comercial del &aacute;rea corporativa de Epson, se refiri&oacute; a esta activaci&oacute;n: &ldquo;Hoy estamos en la previa del evento de nuestra embajadora Shakira. Es un momento muy especial para nosotros, donde aprovechamos la ocasi&oacute;n para invitar a nuestros principales socios de negocios y clientes a disfrutar de este evento exclusivo. Esperamos que lo disfruten mucho&rdquo;. En la misma l&iacute;nea, Diego Piquin, gerente Comercial del &aacute;rea de producci&oacute;n de Epson, destac&oacute;: &ldquo;Es un placer estar con nuestros invitados en este evento previo a Shakira, que, adem&aacute;s de ser nuestra embajadora, es un referente en todo lo que es moda. Y Epson tiene productos para la industria de la moda y textil, como nuestro equipo F1070&rdquo;. La voz de los invitados: destacando el evento y el programa de canales Epson Star Los mayoristas, resellers y retailers de Epson agradecieron la invitaci&oacute;n y compartieron su testimonio con los medios. Mariano Fern&aacute;ndez, CEO de Sylus, mayorista de consumo de la marca, expres&oacute;: &ldquo;Gracias a Epson por invitarnos a este evento. Epson Star es un programa que nos brinda un gran soporte como distribuidores, lo que facilita la comercializaci&oacute;n de productos de la marca. Somos distribuidores de Epson desde hace m&aacute;s de 20 a&ntilde;os, lo que ha fortalecido nuestro v&iacute;nculo con la marca&rdquo;. Sergio Airoldi, CEO de Air Computers, destac&oacute;: &ldquo;Estamos contentos de ser parte de este evento tan exclusivo. Shakira es una figura mundialmente reconocida y, como embajadora de Epson, atrae a muchos de nuestros clientes. Este evento tiene una gran relevancia, ya que Epson Star ha sido relanzado con mucha fuerza y est&aacute; teniendo una excelente acogida entre nuestros canales. Estamos felices de seguir trabajando con todas las l&iacute;neas de productos Epson, desde impresoras hasta proyectores y soluciones fiscales, que son muy demandadas en el mercado&rdquo;. Eduardo Acevedo, director de Invid, otro mayorista de Epson, agreg&oacute;: &ldquo;Este es un gran cambio para nosotros, ya que ahora todos los canales pueden participar en Epson Star, no solo aquellos con un volumen de compra m&aacute;s alto. Este programa abre nuevas oportunidades para todos los clientes, sin importar el tama&ntilde;o de su negocio. Creemos que este tipo de iniciativas beneficiar&aacute; tanto a Epson como a nosotros, los distribuidores mayoristas&rdquo;. Desde el mayorista Ceven, Victoria Villa, responsable de Marketing, se&ntilde;al&oacute;: &ldquo;Desde nuestro lugar como mayorista, estamos acompa&ntilde;ando a la marca con la presencia de nuestros product managers. Este tipo de eventos no solo son una excelente oportunidad para disfrutar, sino tambi&eacute;n para fortalecer la relaci&oacute;n con los clientes y con la marca&rdquo;. Andr&eacute;s Demattei, gerente de Canales para Grupo N&uacute;cleo, complement&oacute;: &ldquo;Estamos trabajando con Epson en productos de consumo, impresoras, insumos y proyectores. Este programa Epson Star es una herramienta clave para fidelizar y motivar a nuestros canales a seguir participando en los eventos y actividades de Epson, como esta de Shakira. Creemos que este tipo de iniciativas refuerzan el v&iacute;nculo entre distribuidores, la marca y los clientes&rdquo;. Por su parte, Juan Antonio, PM de Epson en Corcisa, agreg&oacute;: &ldquo;Muy contentos de estar en este evento, todo gracias al programa Epson Star. Este programa es excelente para fidelizar a los resellers, ya que ofrece beneficios valiosos y facilita la participaci&oacute;n en eventos exclusivos. Este tipo de iniciativas ayudan a reforzar la relaci&oacute;n con los clientes y a brindarles m&aacute;s oportunidades para crecer junto a la marca&rdquo;. Por el lado de los distribuidores del &aacute;rea industrial de Epson, Cecilia Mendoza, directora del distribuidor Mosaik, expres&oacute;: &ldquo;Estoy muy emocionada por ver a Shakira, la embajadora de Epson. Estamos pasando un s&aacute;bado distinto, compartiendo todo con nuestros clientes y con la marca&rdquo;. Y agreg&oacute;: &ldquo;Nosotros somos distribuidores del &aacute;rea industrial de Epson y trabajamos impresoras de etiquetas y de alto volumen&rdquo;. Desde el segmento de productos corporativos, Andrea Whittall, gerente de &aacute;rea de ventas de CITS S.A. (Compa&ntilde;&iacute;a Internacional de Tecnolog&iacute;a y Servicios S.A.), se&ntilde;al&oacute;: &ldquo;Somos una empresa unimarca y trabajamos<\/p>\n","protected":false},"author":233,"featured_media":180079,"comment_status":"closed","ping_status":"closed","sticky":false,"template":"","format":"standard","meta":{"site-sidebar-layout":"default","site-content-layout":"","ast-site-content-layout":"default","site-content-style":"default","site-sidebar-style":"default","ast-global-header-display":"","ast-banner-title-visibility":"","ast-main-header-display":"","ast-hfb-above-header-display":"","ast-hfb-below-header-display":"","ast-hfb-mobile-header-display":"","site-post-title":"","ast-breadcrumbs-content":"","ast-featured-img":"","footer-sml-layout":"","ast-disable-related-posts":"","theme-transparent-header-meta":"","adv-header-id-meta":"","stick-header-meta":"","header-above-stick-meta":"","header-main-stick-meta":"","header-below-stick-meta":"","astra-migrate-meta-layouts":"default","ast-page-background-enabled":"default","ast-page-background-meta":{"desktop":{"background-color":"var(--ast-global-color-4)","background-image":"","background-repeat":"repeat","background-position":"center center","background-size":"auto","background-attachment":"scroll","background-type":"","background-media":"","overlay-type":"","overlay-color":"","overlay-opacity":"","overlay-gradient":""},"tablet":{"background-color":"","background-image":"","background-repeat":"repeat","background-position":"center center","background-size":"auto","background-attachment":"scroll","background-type":"","background-media":"","overlay-type":"","overlay-color":"","overlay-opacity":"","overlay-gradient":""},"mobile":{"background-color":"","background-image":"","background-repeat":"repeat","background-position":"center center","background-size":"auto","background-attachment":"scroll","background-type":"","background-media":"","overlay-type":"","overlay-color":"","overlay-opacity":"","overlay-gradient":""}},"ast-content-background-meta":{"desktop":{"background-color":"var(--ast-global-color-5)","background-image":"","background-repeat":"repeat","background-position":"center center","background-size":"auto","background-attachment":"scroll","background-type":"","background-media":"","overlay-type":"","overlay-color":"","overlay-opacity":"","overlay-gradient":""},"tablet":{"background-color":"var(--ast-global-color-5)","background-image":"","background-repeat":"repeat","background-position":"center center","background-size":"auto","background-attachment":"scroll","background-type":"","background-media":"","overlay-type":"","overlay-color":"","overlay-opacity":"","overlay-gradient":""},"mobile":{"background-color":"var(--ast-global-color-5)","background-image":"","background-repeat":"repeat","background-position":"center center","background-size":"auto","background-attachment":"scroll","background-type":"","background-media":"","overlay-type":"","overlay-color":"","overlay-opacity":"","overlay-gradient":""}},"footnotes":""},"categories":[117],"tags":[47,583],"class_list":["post-180068","post","type-post","status-publish","format-standard","has-post-thumbnail","hentry","category-eventos","tag-epson","tag-epson-star"],"_links":{"self":[{"href":"https:\/\/www.itsitio.com\/ar\/wp-json\/wp\/v2\/posts\/180068","targetHints":{"allow":["GET"]}}],"collection":[{"href":"https:\/\/www.itsitio.com\/ar\/wp-json\/wp\/v2\/posts"}],"about":[{"href":"https:\/\/www.itsitio.com\/ar\/wp-json\/wp\/v2\/types\/post"}],"author":[{"embeddable":true,"href":"https:\/\/www.itsitio.com\/ar\/wp-json\/wp\/v2\/users\/233"}],"replies":[{"embeddable":true,"href":"https:\/\/www.itsitio.com\/ar\/wp-json\/wp\/v2\/comments?post=180068"}],"version-history":[{"count":0,"href":"https:\/\/www.itsitio.com\/ar\/wp-json\/wp\/v2\/posts\/180068\/revisions"}],"wp:featuredmedia":[{"embeddable":true,"href":"https:\/\/www.itsitio.com\/ar\/wp-json\/wp\/v2\/media\/180079"}],"wp:attachment":[{"href":"https:\/\/www.itsitio.com\/ar\/wp-json\/wp\/v2\/media?parent=180068"}],"wp:term":[{"taxonomy":"category","embeddable":true,"href":"https:\/\/www.itsitio.com\/ar\/wp-json\/wp\/v2\/categories?post=180068"},{"taxonomy":"post_tag","embeddable":true,"href":"https:\/\/www.itsitio.com\/ar\/wp-json\/wp\/v2\/tags?post=180068"}],"curies":[{"name":"wp","href":"https:\/\/api.w.org\/{rel}","templated":true}]}}